{"id":991,"date":"2020-03-19T09:57:07","date_gmt":"2020-03-19T08:57:07","guid":{"rendered":"https:\/\/v4.proelan.com\/?p=991"},"modified":"2020-03-19T09:57:07","modified_gmt":"2020-03-19T08:57:07","slug":"forum-tremplin-emploi","status":"publish","type":"post","link":"https:\/\/www.proelan.com\/index.php\/2020\/03\/19\/forum-tremplin-emploi\/","title":{"rendered":"Forum Tremplin \/ Emploi \u00e0 Nice"},"content":{"rendered":"<p>Participation de Proelan au Forum Tremplin Emploi qui aura lieu le jeudi 26 octobre sur le Campus de l&#8217;Universit\u00e9 Saint-Jean d&#8217;Ang\u00e9ly \u00e0 Nice.<\/p>\n<p><img loading=\"lazy\" decoding=\"async\" class=\"alignnone size-full wp-image-992\" src=\"\/wp-content\/uploads\/2016\/10\/TremplinStageEmploi2016.jpg\" alt=\"TremplinStageEmploi2016\" width=\"1831\" height=\"614\" title=\"\"><\/p>\n<p>L\u2019Universit\u00e9 de Nice Sophia Antipolis organise avec la Soci\u00e9t\u00e9 G\u00e9n\u00e9rale, la Ville de Nice, la M\u00e9tropole, CRIT, et l&#8217;APEC le Tremplin Stage \/ Emploi 2016, la 1\u00e8re \u00e9dition du forum de recrutement destin\u00e9 aux \u00e9tudiants et jeunes dipl\u00f4m\u00e9s de l\u2019enseignement sup\u00e9rieur.<\/p>\n<p>Soyez nombreux \u00e0 venir nous y retrouver!<\/p>\n","protected":false},"excerpt":{"rendered":"<p>Participation de Proelan au Forum Tremplin Emploi qui aura lieu le jeudi 26 octobre sur le Campus de l&#8217;Universit\u00e9 Saint-Jean d&#8217;Ang\u00e9ly \u00e0 Nice. L\u2019Universit\u00e9 de Nice Sophia Antipolis organise avec la Soci\u00e9t\u00e9 G\u00e9n\u00e9rale, la Ville de Nice, la M\u00e9tropole, CRIT, et l&#8217;APEC le Tremplin Stage \/ Emploi 2016, la 1\u00e8re \u00e9dition du forum de recrutement<a href=\"https:\/\/www.proelan.com\/index.php\/2020\/03\/19\/forum-tremplin-emploi\/\">[&#8230;]<\/a><\/p>\n","protected":false},"author":4,"featured_media":996,"comment_status":"closed","ping_status":"closed","sticky":false,"template":"","format":"image","meta":{"footnotes":""},"categories":[9],"tags":[],"class_list":["post-991","post","type-post","status-publish","format-image","has-post-thumbnail","hentry","category-decisionnel-olympe","post_format-post-format-image"],"_links":{"self":[{"href":"https:\/\/www.proelan.com\/index.php\/wp-json\/wp\/v2\/posts\/991","targetHints":{"allow":["GET"]}}],"collection":[{"href":"https:\/\/www.proelan.com\/index.php\/wp-json\/wp\/v2\/posts"}],"about":[{"href":"https:\/\/www.proelan.com\/index.php\/wp-json\/wp\/v2\/types\/post"}],"author":[{"embeddable":true,"href":"https:\/\/www.proelan.com\/index.php\/wp-json\/wp\/v2\/users\/4"}],"replies":[{"embeddable":true,"href":"https:\/\/www.proelan.com\/index.php\/wp-json\/wp\/v2\/comments?post=991"}],"version-history":[{"count":0,"href":"https:\/\/www.proelan.com\/index.php\/wp-json\/wp\/v2\/posts\/991\/revisions"}],"wp:featuredmedia":[{"embeddable":true,"href":"https:\/\/www.proelan.com\/index.php\/wp-json\/wp\/v2\/media\/996"}],"wp:attachment":[{"href":"https:\/\/www.proelan.com\/index.php\/wp-json\/wp\/v2\/media?parent=991"}],"wp:term":[{"taxonomy":"category","embeddable":true,"href":"https:\/\/www.proelan.com\/index.php\/wp-json\/wp\/v2\/categories?post=991"},{"taxonomy":"post_tag","embeddable":true,"href":"https:\/\/www.proelan.com\/index.php\/wp-json\/wp\/v2\/tags?post=991"}],"curies":[{"name":"wp","href":"https:\/\/api.w.org\/{rel}","templated":true}]}}