{"id":2556,"date":"2025-06-10T15:29:52","date_gmt":"2025-06-10T14:29:52","guid":{"rendered":"https:\/\/v4.proelan.com\/?p=2556"},"modified":"2025-06-10T15:32:16","modified_gmt":"2025-06-10T14:32:16","slug":"nous-sommes-officiellement-agrees-cir-et-cii-pour-2025-2029","status":"publish","type":"post","link":"https:\/\/www.proelan.com\/index.php\/2025\/06\/10\/nous-sommes-officiellement-agrees-cir-et-cii-pour-2025-2029\/","title":{"rendered":"Nous sommes officiellement agr\u00e9\u00e9s CIR et CII pour 2025 &#8211; 2029"},"content":{"rendered":"\n<p><strong>On a une super nouvelle ! \ud83d\ude80<\/strong><br>Nous sommes officiellement <strong>agr\u00e9\u00e9s CIR et CII<\/strong> pour la p\u00e9riode <strong>2025\u20132029<\/strong> \ud83c\udf89<\/p>\n\n\n\n<p>\ud83d\udc49 <strong>CIR<\/strong> : boostez vos projets de <strong>R&amp;D \u00e0 haute valeur ajout\u00e9e<\/strong><br>\ud83d\udc49 <strong>CII<\/strong> : donnez vie \u00e0 vos <strong>produits innovants<\/strong>, de l\u2019id\u00e9e \u00e0 la mise sur le march\u00e9<\/p>\n\n\n\n<p>Gr\u00e2ce \u00e0 ces <strong>aides fiscales<\/strong>, vous pouvez <strong>financer vos innovations<\/strong> tout en <strong>optimisant vos co\u00fbts<\/strong>.<br>Et nous sommes l\u00e0 pour vous accompagner \u00e0 chaque \u00e9tape \ud83d\udcaa<\/p>\n\n\n\n<p><strong>Envie de passer \u00e0 la vitesse sup\u00e9rieure ? Parlons-en d\u00e8s maintenant !<\/strong><\/p>\n\n\n\n<figure class=\"wp-block-gallery columns-1 is-cropped wp-block-gallery-1 is-layout-flex wp-block-gallery-is-layout-flex\"><ul class=\"blocks-gallery-grid\"><li class=\"blocks-gallery-item\"><figure><img loading=\"lazy\" decoding=\"async\" width=\"1024\" height=\"1024\" src=\"\/wp-content\/uploads\/2025\/06\/Visuel-CIR-et-CII.png\" alt=\"\" data-id=\"2558\" data-full-url=\"\/wp-content\/uploads\/2025\/06\/Visuel-CIR-et-CII.png\" data-link=\"\/index.php\/2025\/06\/10\/nous-sommes-officiellement-agrees-cir-et-cii-pour-2025-2029\/visuel-cir-et-cii\/\" class=\"wp-image-2558\" title=\"\"><\/figure><\/li><\/ul><\/figure>\n","protected":false},"excerpt":{"rendered":"<p>On a une super nouvelle ! \ud83d\ude80Nous sommes officiellement agr\u00e9\u00e9s CIR et CII pour la p\u00e9riode 2025\u20132029 \ud83c\udf89 \ud83d\udc49 CIR : boostez vos projets de R&amp;D \u00e0 haute valeur ajout\u00e9e\ud83d\udc49 CII : donnez vie \u00e0 vos produits innovants, de l\u2019id\u00e9e \u00e0 la mise sur le march\u00e9 Gr\u00e2ce \u00e0 ces aides fiscales, vous pouvez financer vos<a href=\"https:\/\/www.proelan.com\/index.php\/2025\/06\/10\/nous-sommes-officiellement-agrees-cir-et-cii-pour-2025-2029\/\">[&#8230;]<\/a><\/p>\n","protected":false},"author":4,"featured_media":2510,"comment_status":"open","ping_status":"open","sticky":false,"template":"","format":"standard","meta":{"footnotes":""},"categories":[9],"tags":[],"class_list":["post-2556","post","type-post","status-publish","format-standard","has-post-thumbnail","hentry","category-decisionnel-olympe"],"_links":{"self":[{"href":"https:\/\/www.proelan.com\/index.php\/wp-json\/wp\/v2\/posts\/2556","targetHints":{"allow":["GET"]}}],"collection":[{"href":"https:\/\/www.proelan.com\/index.php\/wp-json\/wp\/v2\/posts"}],"about":[{"href":"https:\/\/www.proelan.com\/index.php\/wp-json\/wp\/v2\/types\/post"}],"author":[{"embeddable":true,"href":"https:\/\/www.proelan.com\/index.php\/wp-json\/wp\/v2\/users\/4"}],"replies":[{"embeddable":true,"href":"https:\/\/www.proelan.com\/index.php\/wp-json\/wp\/v2\/comments?post=2556"}],"version-history":[{"count":0,"href":"https:\/\/www.proelan.com\/index.php\/wp-json\/wp\/v2\/posts\/2556\/revisions"}],"wp:featuredmedia":[{"embeddable":true,"href":"https:\/\/www.proelan.com\/index.php\/wp-json\/wp\/v2\/media\/2510"}],"wp:attachment":[{"href":"https:\/\/www.proelan.com\/index.php\/wp-json\/wp\/v2\/media?parent=2556"}],"wp:term":[{"taxonomy":"category","embeddable":true,"href":"https:\/\/www.proelan.com\/index.php\/wp-json\/wp\/v2\/categories?post=2556"},{"taxonomy":"post_tag","embeddable":true,"href":"https:\/\/www.proelan.com\/index.php\/wp-json\/wp\/v2\/tags?post=2556"}],"curies":[{"name":"wp","href":"https:\/\/api.w.org\/{rel}","templated":true}]}}