{"id":2548,"date":"2025-05-19T09:20:58","date_gmt":"2025-05-19T08:20:58","guid":{"rendered":"https:\/\/v4.proelan.com\/?p=2548"},"modified":"2025-05-19T09:20:59","modified_gmt":"2025-05-19T08:20:59","slug":"chez-proelan-le-bien-etre-de-nos-collaborateurs-passe-aussi-par-leur-sante","status":"publish","type":"post","link":"https:\/\/www.proelan.com\/index.php\/2025\/05\/19\/chez-proelan-le-bien-etre-de-nos-collaborateurs-passe-aussi-par-leur-sante\/","title":{"rendered":"Chez Proelan, le bien-\u00eatre de nos collaborateurs passe aussi par leur sant\u00e9."},"content":{"rendered":"\n<p>C\u2019est pourquoi nous avons fait le choix de prendre en charge \u00e0 100% la mutuelle sant\u00e9 familiale de nos salari\u00e9s.<br><br>\ud83d\udc49 Un avantage concret :<br>\u2714\ufe0f Z\u00e9ro reste \u00e0 charge pour la mutuelle<br>\u2714\ufe0f Une r\u00e9duction des charges salariales<br>\u2714\ufe0f Une vraie tranquillit\u00e9 d\u2019esprit pour toute la famille<br><br>Parce que prendre soin de celles et ceux qui s&#8217;engagent au quotidien, c\u2019est aussi notre priorit\u00e9. \ud83d\ude4c<\/p>\n\n\n\n<figure class=\"wp-block-image size-large\"><img loading=\"lazy\" decoding=\"async\" width=\"1024\" height=\"1024\" src=\"\/wp-content\/uploads\/2025\/05\/Avantage-mutuelle-1.png\" alt=\"\" class=\"wp-image-2549\" title=\"\"><\/figure>\n","protected":false},"excerpt":{"rendered":"<p>C\u2019est pourquoi nous avons fait le choix de prendre en charge \u00e0 100% la mutuelle sant\u00e9 familiale de nos salari\u00e9s. \ud83d\udc49 Un avantage concret :\u2714\ufe0f Z\u00e9ro reste \u00e0 charge pour la mutuelle\u2714\ufe0f Une r\u00e9duction des charges salariales\u2714\ufe0f Une vraie tranquillit\u00e9 d\u2019esprit pour toute la famille Parce que prendre soin de celles et ceux qui s&#8217;engagent<a href=\"https:\/\/www.proelan.com\/index.php\/2025\/05\/19\/chez-proelan-le-bien-etre-de-nos-collaborateurs-passe-aussi-par-leur-sante\/\">[&#8230;]<\/a><\/p>\n","protected":false},"author":4,"featured_media":2510,"comment_status":"open","ping_status":"open","sticky":false,"template":"","format":"standard","meta":{"footnotes":""},"categories":[17],"tags":[],"class_list":["post-2548","post","type-post","status-publish","format-standard","has-post-thumbnail","hentry","category-viedeproelan"],"_links":{"self":[{"href":"https:\/\/www.proelan.com\/index.php\/wp-json\/wp\/v2\/posts\/2548","targetHints":{"allow":["GET"]}}],"collection":[{"href":"https:\/\/www.proelan.com\/index.php\/wp-json\/wp\/v2\/posts"}],"about":[{"href":"https:\/\/www.proelan.com\/index.php\/wp-json\/wp\/v2\/types\/post"}],"author":[{"embeddable":true,"href":"https:\/\/www.proelan.com\/index.php\/wp-json\/wp\/v2\/users\/4"}],"replies":[{"embeddable":true,"href":"https:\/\/www.proelan.com\/index.php\/wp-json\/wp\/v2\/comments?post=2548"}],"version-history":[{"count":0,"href":"https:\/\/www.proelan.com\/index.php\/wp-json\/wp\/v2\/posts\/2548\/revisions"}],"wp:featuredmedia":[{"embeddable":true,"href":"https:\/\/www.proelan.com\/index.php\/wp-json\/wp\/v2\/media\/2510"}],"wp:attachment":[{"href":"https:\/\/www.proelan.com\/index.php\/wp-json\/wp\/v2\/media?parent=2548"}],"wp:term":[{"taxonomy":"category","embeddable":true,"href":"https:\/\/www.proelan.com\/index.php\/wp-json\/wp\/v2\/categories?post=2548"},{"taxonomy":"post_tag","embeddable":true,"href":"https:\/\/www.proelan.com\/index.php\/wp-json\/wp\/v2\/tags?post=2548"}],"curies":[{"name":"wp","href":"https:\/\/api.w.org\/{rel}","templated":true}]}}