{"id":2528,"date":"2025-04-19T17:02:43","date_gmt":"2025-04-19T16:02:43","guid":{"rendered":"https:\/\/v4.proelan.com\/?p=2528"},"modified":"2025-06-17T14:01:30","modified_gmt":"2025-06-17T13:01:30","slug":"afterwork-printanier","status":"publish","type":"post","link":"https:\/\/www.proelan.com\/index.php\/2025\/04\/19\/afterwork-printanier\/","title":{"rendered":"Afterwork Printanier"},"content":{"rendered":"\n<p>Un moment convivial entre coll\u00e8gue qui fait toute la diff\u00e9rence !\u2728<br><br>Dans le rythme souvent soutenu de nos projets, nous avons pris le temps de nous retrouver, d\u2019\u00e9changer ,de rire et de partager des instants pr\u00e9cieux.<br><br>Ce moment de convivialit\u00e9 n&#8217;est pas une simple pause : il refl\u00e8te pleinement notre culture d\u2019entreprise, ax\u00e9e sur l\u2019humain \u2764\ufe0f, la collaboration \ud83d\ude4c et la bienveillance \ud83c\udf1f<br><a href=\"https:\/\/www.linkedin.com\/search\/results\/all\/?keywords=%23convivialit%C3%A9&amp;origin=HASH_TAG_FROM_FEED\" rel=\"nofollow noopener\" target=\"_blank\">hashtag#Convivialit\u00e9<\/a><br><a href=\"https:\/\/www.linkedin.com\/search\/results\/all\/?keywords=%23espritd%C3%A9quipe&amp;origin=HASH_TAG_FROM_FEED\" rel=\"nofollow noopener\" target=\"_blank\">hashtag#EspritD\u00e9quipe<\/a><br><a href=\"https:\/\/www.linkedin.com\/search\/results\/all\/?keywords=%23culturedentreprise&amp;origin=HASH_TAG_FROM_FEED\" rel=\"nofollow noopener\" target=\"_blank\">hashtag#CultureDentreprise<\/a><br><a href=\"https:\/\/www.linkedin.com\/search\/results\/all\/?keywords=%23bienveillance&amp;origin=HASH_TAG_FROM_FEED\" rel=\"nofollow noopener\" target=\"_blank\">hashtag#Bienveillance<\/a><br><a href=\"https:\/\/www.linkedin.com\/search\/results\/all\/?keywords=%23afterwork&amp;origin=HASH_TAG_FROM_FEED\" rel=\"nofollow noopener\" target=\"_blank\">hashtag#Afterwork<\/a><br><a href=\"https:\/\/www.linkedin.com\/search\/results\/all\/?keywords=%23momentsdepartage&amp;origin=HASH_TAG_FROM_FEED\" rel=\"nofollow noopener\" target=\"_blank\">hashtag#MomentsDePartage<\/a><\/p>\n\n\n\n<figure class=\"wp-block-gallery columns-1 is-cropped wp-block-gallery-1 is-layout-flex wp-block-gallery-is-layout-flex\"><ul class=\"blocks-gallery-grid\"><li class=\"blocks-gallery-item\"><figure><img loading=\"lazy\" decoding=\"async\" width=\"940\" height=\"788\" src=\"\/wp-content\/uploads\/2025\/04\/HAPPY-DAY.png\" alt=\"\" data-id=\"2529\" data-full-url=\"\/wp-content\/uploads\/2025\/04\/HAPPY-DAY.png\" data-link=\"\/?attachment_id=2529\" class=\"wp-image-2529\" title=\"\"><\/figure><\/li><\/ul><\/figure>\n","protected":false},"excerpt":{"rendered":"<p>Un moment convivial entre coll\u00e8gue qui fait toute la diff\u00e9rence !\u2728 Dans le rythme souvent soutenu de nos projets, nous avons pris le temps de nous retrouver, d\u2019\u00e9changer ,de rire et de partager des instants pr\u00e9cieux. Ce moment de convivialit\u00e9 n&#8217;est pas une simple pause : il refl\u00e8te pleinement notre culture d\u2019entreprise, ax\u00e9e sur l\u2019humain<a href=\"https:\/\/www.proelan.com\/index.php\/2025\/04\/19\/afterwork-printanier\/\">[&#8230;]<\/a><\/p>\n","protected":false},"author":21716,"featured_media":2529,"comment_status":"open","ping_status":"open","sticky":false,"template":"","format":"standard","meta":{"footnotes":""},"categories":[9],"tags":[26,27],"class_list":["post-2528","post","type-post","status-publish","format-standard","has-post-thumbnail","hentry","category-decisionnel-olympe","tag-after-work","tag-convivialite"],"_links":{"self":[{"href":"https:\/\/www.proelan.com\/index.php\/wp-json\/wp\/v2\/posts\/2528","targetHints":{"allow":["GET"]}}],"collection":[{"href":"https:\/\/www.proelan.com\/index.php\/wp-json\/wp\/v2\/posts"}],"about":[{"href":"https:\/\/www.proelan.com\/index.php\/wp-json\/wp\/v2\/types\/post"}],"author":[{"embeddable":true,"href":"https:\/\/www.proelan.com\/index.php\/wp-json\/wp\/v2\/users\/21716"}],"replies":[{"embeddable":true,"href":"https:\/\/www.proelan.com\/index.php\/wp-json\/wp\/v2\/comments?post=2528"}],"version-history":[{"count":0,"href":"https:\/\/www.proelan.com\/index.php\/wp-json\/wp\/v2\/posts\/2528\/revisions"}],"wp:featuredmedia":[{"embeddable":true,"href":"https:\/\/www.proelan.com\/index.php\/wp-json\/wp\/v2\/media\/2529"}],"wp:attachment":[{"href":"https:\/\/www.proelan.com\/index.php\/wp-json\/wp\/v2\/media?parent=2528"}],"wp:term":[{"taxonomy":"category","embeddable":true,"href":"https:\/\/www.proelan.com\/index.php\/wp-json\/wp\/v2\/categories?post=2528"},{"taxonomy":"post_tag","embeddable":true,"href":"https:\/\/www.proelan.com\/index.php\/wp-json\/wp\/v2\/tags?post=2528"}],"curies":[{"name":"wp","href":"https:\/\/api.w.org\/{rel}","templated":true}]}}