{"id":2512,"date":"2025-04-01T15:12:45","date_gmt":"2025-04-01T14:12:45","guid":{"rendered":"https:\/\/v4.proelan.com\/?p=2512"},"modified":"2025-04-02T15:09:58","modified_gmt":"2025-04-02T14:09:58","slug":"chez-proelan-chaque-succes-compte-et-se-partage","status":"publish","type":"post","link":"https:\/\/www.proelan.com\/index.php\/2025\/04\/01\/chez-proelan-chaque-succes-compte-et-se-partage\/","title":{"rendered":"\ud83e\udef6 Chez Proelan, chaque succ\u00e8s compte\u2026 et se partage"},"content":{"rendered":"\n<p>\ud83d\udd04 <strong>Partager la r\u00e9ussite, c\u2019est notre engagement.<\/strong>&nbsp;<\/p>\n\n\n\n<p>Chez <strong>Proelan<\/strong>, nous croyons que chaque collaborateur contribue directement \u00e0 notre croissance. C\u2019est pourquoi nous avons mis en place un <strong>dispositif d\u2019int\u00e9ressement<\/strong> pour les salari\u00e9s.&nbsp;<\/p>\n\n\n\n<p>\ud83c\udfaf D\u00e8s <strong>3 mois d\u2019anciennet\u00e9<\/strong>, vous devenez \u00e9ligible.&nbsp;<br>\ud83d\udcb0 Ce bonus est <strong>d\u00e9fiscalis\u00e9<\/strong> et vient <strong>compl\u00e9ter la revalorisation annuelle<\/strong>.&nbsp;<br>\ud83e\udd1d Parce que faire grandir l\u2019entreprise, c\u2019est aussi faire grandir les talents qui la construisent.&nbsp;<\/p>\n\n\n\n<p>\ud83d\udc49 Envie de rejoindre une entreprise qui place l&#8217;humain au c\u0153ur de ses valeurs ? Parlons-en !&nbsp;<\/p>\n\n\n\n<p><\/p>\n\n\n\n<p>#ProelanCare #1Mois1Avantage&nbsp;<\/p>\n\n\n\n<p>#Proelan #RecrutementIT #Int\u00e9ressement #PartageDeValeur #TechJobs #RejoignezNous&nbsp;<\/p>\n\n\n\n<figure class=\"wp-block-gallery columns-1 is-cropped wp-block-gallery-1 is-layout-flex wp-block-gallery-is-layout-flex\"><ul class=\"blocks-gallery-grid\"><li class=\"blocks-gallery-item\"><figure><img loading=\"lazy\" decoding=\"async\" width=\"1024\" height=\"1024\" src=\"\/wp-content\/uploads\/2025\/04\/Site-internet-2.png\" alt=\"\" data-id=\"2513\" data-link=\"\/?attachment_id=2513\" class=\"wp-image-2513\" title=\"\"><\/figure><\/li><\/ul><\/figure>\n","protected":false},"excerpt":{"rendered":"<p>\ud83d\udd04 Partager la r\u00e9ussite, c\u2019est notre engagement.&nbsp; Chez Proelan, nous croyons que chaque collaborateur contribue directement \u00e0 notre croissance. C\u2019est pourquoi nous avons mis en place un dispositif d\u2019int\u00e9ressement pour les salari\u00e9s.&nbsp; \ud83c\udfaf D\u00e8s 3 mois d\u2019anciennet\u00e9, vous devenez \u00e9ligible.&nbsp;\ud83d\udcb0 Ce bonus est d\u00e9fiscalis\u00e9 et vient compl\u00e9ter la revalorisation annuelle.&nbsp;\ud83e\udd1d Parce que faire grandir l\u2019entreprise,<a href=\"https:\/\/www.proelan.com\/index.php\/2025\/04\/01\/chez-proelan-chaque-succes-compte-et-se-partage\/\">[&#8230;]<\/a><\/p>\n","protected":false},"author":4,"featured_media":2510,"comment_status":"open","ping_status":"open","sticky":false,"template":"","format":"standard","meta":{"footnotes":""},"categories":[9],"tags":[],"class_list":["post-2512","post","type-post","status-publish","format-standard","has-post-thumbnail","hentry","category-decisionnel-olympe"],"_links":{"self":[{"href":"https:\/\/www.proelan.com\/index.php\/wp-json\/wp\/v2\/posts\/2512","targetHints":{"allow":["GET"]}}],"collection":[{"href":"https:\/\/www.proelan.com\/index.php\/wp-json\/wp\/v2\/posts"}],"about":[{"href":"https:\/\/www.proelan.com\/index.php\/wp-json\/wp\/v2\/types\/post"}],"author":[{"embeddable":true,"href":"https:\/\/www.proelan.com\/index.php\/wp-json\/wp\/v2\/users\/4"}],"replies":[{"embeddable":true,"href":"https:\/\/www.proelan.com\/index.php\/wp-json\/wp\/v2\/comments?post=2512"}],"version-history":[{"count":0,"href":"https:\/\/www.proelan.com\/index.php\/wp-json\/wp\/v2\/posts\/2512\/revisions"}],"wp:featuredmedia":[{"embeddable":true,"href":"https:\/\/www.proelan.com\/index.php\/wp-json\/wp\/v2\/media\/2510"}],"wp:attachment":[{"href":"https:\/\/www.proelan.com\/index.php\/wp-json\/wp\/v2\/media?parent=2512"}],"wp:term":[{"taxonomy":"category","embeddable":true,"href":"https:\/\/www.proelan.com\/index.php\/wp-json\/wp\/v2\/categories?post=2512"},{"taxonomy":"post_tag","embeddable":true,"href":"https:\/\/www.proelan.com\/index.php\/wp-json\/wp\/v2\/tags?post=2512"}],"curies":[{"name":"wp","href":"https:\/\/api.w.org\/{rel}","templated":true}]}}