{"id":2465,"date":"2024-12-31T11:26:09","date_gmt":"2024-12-31T10:26:09","guid":{"rendered":"https:\/\/v4.proelan.com\/?p=2465"},"modified":"2024-12-31T15:31:08","modified_gmt":"2024-12-31T14:31:08","slug":"merci-pour-2024-cap-sur-une-2025-remplie-de-reussites-2","status":"publish","type":"post","link":"https:\/\/www.proelan.com\/index.php\/2024\/12\/31\/merci-pour-2024-cap-sur-une-2025-remplie-de-reussites-2\/","title":{"rendered":"\ud83c\udf89 Merci pour 2024, Cap sur une 2025 Remplie de R\u00e9ussites !"},"content":{"rendered":"\n<figure class=\"wp-block-gallery alignleft columns-1 is-cropped wp-block-gallery-1 is-layout-flex wp-block-gallery-is-layout-flex\"><ul class=\"blocks-gallery-grid\"><li class=\"blocks-gallery-item\"><figure><img loading=\"lazy\" decoding=\"async\" width=\"1080\" height=\"1920\" src=\"\/wp-content\/uploads\/2024\/12\/Story-Instagram-Voeux-Bonne-Ann\u00e9e-Simple-moderne-Blanc-Dor\u00e9-2.png\" alt=\"\" data-id=\"2462\" data-full-url=\"\/wp-content\/uploads\/2024\/12\/Story-Instagram-Voeux-Bonne-Ann\u00e9e-Simple-moderne-Blanc-Dor\u00e9-2.png\" data-link=\"\/index.php\/2024\/12\/31\/%f0%9f%8e%89-merci-pour-2024-cap-sur-une-2025-remplie-de-reussites__trashed\/story-instagram-voeux-bonne-annee-simple-moderne-blanc-dore-2\/\" class=\"wp-image-2462\" title=\"\"><\/figure><\/li><\/ul><\/figure>\n\n\n\n<p>\ud83c\udf1f <strong>Chers clients, partenaires et collaborateurs,<\/strong><\/p>\n\n\n\n<p><strong>A tous nos clients et partenaires,<\/strong> nous souhaitons exprimer toute notre gratitude pour votre confiance et votre engagement tout au long de cette ann\u00e9e 2024.&nbsp;<\/p>\n\n\n\n<p><strong>A tous nos&nbsp;\u00ab Proelans et Proelannes <\/strong>\u00bb, merci&nbsp;! votre cr\u00e9ativit\u00e9 et votre esprit d\u2019\u00e9quipe font notre force. Ensemble, nous formons bien plus qu\u2019une \u00e9quipe : une v\u00e9ritable communaut\u00e9 tourn\u00e9e vers l\u2019avenir.&nbsp;<\/p>\n\n\n\n<p>Nous abordons 2025 avec confiance et enthousiasme. Que cette nouvelle ann\u00e9e vous apporte \u00e9panouissement, r\u00e9ussite et bonheur.<\/p>\n\n\n\n<p>Joyeuses f\u00eates \u00e0 toutes et \u00e0 tous, et tr\u00e8s belle ann\u00e9e 2025 !<\/p>\n\n\n\n<p>Prenez soin de vous et de vos proches.<\/p>\n\n\n\n<p>\u2728 Avec toute notre gratitude.<\/p>\n\n\n\n<p><\/p>\n","protected":false},"excerpt":{"rendered":"<p>\ud83c\udf1f Chers clients, partenaires et collaborateurs, A tous nos clients et partenaires, nous souhaitons exprimer toute notre gratitude pour votre confiance et votre engagement tout au long de cette ann\u00e9e 2024.&nbsp; A tous nos&nbsp;\u00ab Proelans et Proelannes \u00bb, merci&nbsp;! votre cr\u00e9ativit\u00e9 et votre esprit d\u2019\u00e9quipe font notre force. Ensemble, nous formons bien plus qu\u2019une \u00e9quipe<a href=\"https:\/\/www.proelan.com\/index.php\/2024\/12\/31\/merci-pour-2024-cap-sur-une-2025-remplie-de-reussites-2\/\">[&#8230;]<\/a><\/p>\n","protected":false},"author":21716,"featured_media":0,"comment_status":"open","ping_status":"open","sticky":false,"template":"","format":"standard","meta":{"footnotes":""},"categories":[9],"tags":[],"class_list":["post-2465","post","type-post","status-publish","format-standard","hentry","category-decisionnel-olympe"],"_links":{"self":[{"href":"https:\/\/www.proelan.com\/index.php\/wp-json\/wp\/v2\/posts\/2465","targetHints":{"allow":["GET"]}}],"collection":[{"href":"https:\/\/www.proelan.com\/index.php\/wp-json\/wp\/v2\/posts"}],"about":[{"href":"https:\/\/www.proelan.com\/index.php\/wp-json\/wp\/v2\/types\/post"}],"author":[{"embeddable":true,"href":"https:\/\/www.proelan.com\/index.php\/wp-json\/wp\/v2\/users\/21716"}],"replies":[{"embeddable":true,"href":"https:\/\/www.proelan.com\/index.php\/wp-json\/wp\/v2\/comments?post=2465"}],"version-history":[{"count":0,"href":"https:\/\/www.proelan.com\/index.php\/wp-json\/wp\/v2\/posts\/2465\/revisions"}],"wp:attachment":[{"href":"https:\/\/www.proelan.com\/index.php\/wp-json\/wp\/v2\/media?parent=2465"}],"wp:term":[{"taxonomy":"category","embeddable":true,"href":"https:\/\/www.proelan.com\/index.php\/wp-json\/wp\/v2\/categories?post=2465"},{"taxonomy":"post_tag","embeddable":true,"href":"https:\/\/www.proelan.com\/index.php\/wp-json\/wp\/v2\/tags?post=2465"}],"curies":[{"name":"wp","href":"https:\/\/api.w.org\/{rel}","templated":true}]}}