{"id":2425,"date":"2024-12-19T15:26:12","date_gmt":"2024-12-19T14:26:12","guid":{"rendered":"https:\/\/v4.proelan.com\/?p=2425"},"modified":"2024-12-19T15:26:12","modified_gmt":"2024-12-19T14:26:12","slug":"trail-de-vence-une-belle-performance-au-service-de-la-solidarite","status":"publish","type":"post","link":"https:\/\/www.proelan.com\/index.php\/2024\/12\/19\/trail-de-vence-une-belle-performance-au-service-de-la-solidarite\/","title":{"rendered":"Trail de Vence : une belle performance au service de la solidarit\u00e9 !"},"content":{"rendered":"\n<p>\ud83d\udc4f F\u00e9licitations \u00e0 Samuel Rauhut ! \ud83d\udc4f<br><br>Nous sommes fiers de mettre \u00e0 l\u2019honneur notre collaborateur Samuel, qui a brillamment d\u00e9croch\u00e9 la 2e place lors du trail organis\u00e9 \u00e0 Vence ce week-end. \ud83c\udfc3\u200d\u2642\ufe0f\ud83d\udca8<br><br>Ce trail de 10 km, au-del\u00e0 de la performance sportive, avait une cause qui nous tient particuli\u00e8rement \u00e0 c\u0153ur : soutenir le T\u00e9l\u00e9thon. Une belle mani\u00e8re de m\u00ealer d\u00e9passement de soi et solidarit\u00e9 ! \ud83d\udc9b\ud83e\udd1d<br><br>Bravo Samuel pour ton engagement et ton \u00e9nergie, qui inspirent toute notre \u00e9quipe. Tu es un bel exemple de pers\u00e9v\u00e9rance et de g\u00e9n\u00e9rosit\u00e9 !<br>Un immense merci aux organisateurs et participants pour leur contribution \u00e0 cette noble cause. Ensemble, nous faisons la diff\u00e9rence ! \ud83d\ude4c<\/p>\n\n\n\n<figure class=\"wp-block-image size-large\"><img loading=\"lazy\" decoding=\"async\" width=\"1530\" height=\"2040\" src=\"\/wp-content\/uploads\/2024\/12\/IMG-20241215-WA0014.jpg\" alt=\"\" class=\"wp-image-2426\" title=\"\"><\/figure>\n\n\n\n<figure class=\"wp-block-image size-large\"><img loading=\"lazy\" decoding=\"async\" width=\"799\" height=\"614\" src=\"\/wp-content\/uploads\/2024\/12\/IMG-20241217-WA0001.jpg\" alt=\"\" class=\"wp-image-2427\" title=\"\"><\/figure>\n","protected":false},"excerpt":{"rendered":"<p>\ud83d\udc4f F\u00e9licitations \u00e0 Samuel Rauhut ! \ud83d\udc4f Nous sommes fiers de mettre \u00e0 l\u2019honneur notre collaborateur Samuel, qui a brillamment d\u00e9croch\u00e9 la 2e place lors du trail organis\u00e9 \u00e0 Vence ce week-end. \ud83c\udfc3\u200d\u2642\ufe0f\ud83d\udca8 Ce trail de 10 km, au-del\u00e0 de la performance sportive, avait une cause qui nous tient particuli\u00e8rement \u00e0 c\u0153ur : soutenir le<a href=\"https:\/\/www.proelan.com\/index.php\/2024\/12\/19\/trail-de-vence-une-belle-performance-au-service-de-la-solidarite\/\">[&#8230;]<\/a><\/p>\n","protected":false},"author":4,"featured_media":2188,"comment_status":"open","ping_status":"open","sticky":false,"template":"","format":"standard","meta":{"footnotes":""},"categories":[9,14,17],"tags":[],"class_list":["post-2425","post","type-post","status-publish","format-standard","has-post-thumbnail","hentry","category-decisionnel-olympe","category-recrutement-et-bien-etre","category-viedeproelan"],"_links":{"self":[{"href":"https:\/\/www.proelan.com\/index.php\/wp-json\/wp\/v2\/posts\/2425","targetHints":{"allow":["GET"]}}],"collection":[{"href":"https:\/\/www.proelan.com\/index.php\/wp-json\/wp\/v2\/posts"}],"about":[{"href":"https:\/\/www.proelan.com\/index.php\/wp-json\/wp\/v2\/types\/post"}],"author":[{"embeddable":true,"href":"https:\/\/www.proelan.com\/index.php\/wp-json\/wp\/v2\/users\/4"}],"replies":[{"embeddable":true,"href":"https:\/\/www.proelan.com\/index.php\/wp-json\/wp\/v2\/comments?post=2425"}],"version-history":[{"count":0,"href":"https:\/\/www.proelan.com\/index.php\/wp-json\/wp\/v2\/posts\/2425\/revisions"}],"wp:featuredmedia":[{"embeddable":true,"href":"https:\/\/www.proelan.com\/index.php\/wp-json\/wp\/v2\/media\/2188"}],"wp:attachment":[{"href":"https:\/\/www.proelan.com\/index.php\/wp-json\/wp\/v2\/media?parent=2425"}],"wp:term":[{"taxonomy":"category","embeddable":true,"href":"https:\/\/www.proelan.com\/index.php\/wp-json\/wp\/v2\/categories?post=2425"},{"taxonomy":"post_tag","embeddable":true,"href":"https:\/\/www.proelan.com\/index.php\/wp-json\/wp\/v2\/tags?post=2425"}],"curies":[{"name":"wp","href":"https:\/\/api.w.org\/{rel}","templated":true}]}}