{"id":2312,"date":"2023-10-20T08:54:05","date_gmt":"2023-10-20T07:54:05","guid":{"rendered":"https:\/\/v4.proelan.com\/?p=2312"},"modified":"2023-10-20T08:54:05","modified_gmt":"2023-10-20T07:54:05","slug":"on-fete-lautomne-chez-proelan-et-les-nouveaux-nes","status":"publish","type":"post","link":"https:\/\/www.proelan.com\/index.php\/2023\/10\/20\/on-fete-lautomne-chez-proelan-et-les-nouveaux-nes\/","title":{"rendered":"On f\u00eate l&#8217;automne chez Proelan&#8230; Et les nouveaux n\u00e9s !"},"content":{"rendered":"\n<p>La semaine derni\u00e8re la team&nbsp;<a href=\"https:\/\/www.linkedin.com\/company\/proelan---sophia-antipolis\/\" rel=\"nofollow noopener\" target=\"_blank\">Proelan &#8211; Sophia Antipolis<\/a>&nbsp;s&#8217;est r\u00e9unie autour d&#8217;un buffet convivial !<\/p>\n\n\n\n<p>Une fa\u00e7on de f\u00eater l&#8217;arriv\u00e9e de l&#8217;automne \ud83c\udf41 mais \u00e9galement un joli \u00e9v\u00e8nement : la naissance de la fille \ud83d\udc76 d&#8217;un de nos collaborateurs !<\/p>\n\n\n\n<p>Nous souhaitons encore toutes nos f\u00e9licitations aux heureux parents \ud83e\udd73<\/p>\n\n\n\n<p><a href=\"https:\/\/www.linkedin.com\/feed\/hashtag\/?keywords=evenement&amp;highlightedUpdateUrns=urn%3Ali%3Aactivity%3A7120343990071119872\" rel=\"nofollow noopener\" target=\"_blank\">#evenement<\/a><a href=\"https:\/\/www.linkedin.com\/feed\/hashtag\/?keywords=entreprise&amp;highlightedUpdateUrns=urn%3Ali%3Aactivity%3A7120343990071119872\" rel=\"nofollow noopener\" target=\"_blank\">#entreprise<\/a><a href=\"https:\/\/www.linkedin.com\/feed\/hashtag\/?keywords=convivial&amp;highlightedUpdateUrns=urn%3Ali%3Aactivity%3A7120343990071119872\" rel=\"nofollow noopener\" target=\"_blank\">#convivial<\/a><a href=\"https:\/\/www.linkedin.com\/feed\/hashtag\/?keywords=team&amp;highlightedUpdateUrns=urn%3Ali%3Aactivity%3A7120343990071119872\" rel=\"nofollow noopener\" target=\"_blank\">#team<\/a><a href=\"https:\/\/www.linkedin.com\/feed\/hashtag\/?keywords=infomatique&amp;highlightedUpdateUrns=urn%3Ali%3Aactivity%3A7120343990071119872\" rel=\"nofollow noopener\" target=\"_blank\">#infomatique<\/a><\/p>\n\n\n\n<figure class=\"wp-block-image size-large\"><img loading=\"lazy\" decoding=\"async\" width=\"1200\" height=\"1200\" src=\"\/wp-content\/uploads\/2023\/10\/image.png\" alt=\"\" class=\"wp-image-2313\" title=\"\"><\/figure>\n","protected":false},"excerpt":{"rendered":"<p>La semaine derni\u00e8re la team&nbsp;Proelan &#8211; Sophia Antipolis&nbsp;s&#8217;est r\u00e9unie autour d&#8217;un buffet convivial ! Une fa\u00e7on de f\u00eater l&#8217;arriv\u00e9e de l&#8217;automne \ud83c\udf41 mais \u00e9galement un joli \u00e9v\u00e8nement : la naissance de la fille \ud83d\udc76 d&#8217;un de nos collaborateurs ! Nous souhaitons encore toutes nos f\u00e9licitations aux heureux parents \ud83e\udd73 #evenement#entreprise#convivial#team#infomatique<\/p>\n","protected":false},"author":4,"featured_media":0,"comment_status":"open","ping_status":"open","sticky":false,"template":"","format":"standard","meta":{"footnotes":""},"categories":[17],"tags":[],"class_list":["post-2312","post","type-post","status-publish","format-standard","hentry","category-viedeproelan"],"_links":{"self":[{"href":"https:\/\/www.proelan.com\/index.php\/wp-json\/wp\/v2\/posts\/2312","targetHints":{"allow":["GET"]}}],"collection":[{"href":"https:\/\/www.proelan.com\/index.php\/wp-json\/wp\/v2\/posts"}],"about":[{"href":"https:\/\/www.proelan.com\/index.php\/wp-json\/wp\/v2\/types\/post"}],"author":[{"embeddable":true,"href":"https:\/\/www.proelan.com\/index.php\/wp-json\/wp\/v2\/users\/4"}],"replies":[{"embeddable":true,"href":"https:\/\/www.proelan.com\/index.php\/wp-json\/wp\/v2\/comments?post=2312"}],"version-history":[{"count":0,"href":"https:\/\/www.proelan.com\/index.php\/wp-json\/wp\/v2\/posts\/2312\/revisions"}],"wp:attachment":[{"href":"https:\/\/www.proelan.com\/index.php\/wp-json\/wp\/v2\/media?parent=2312"}],"wp:term":[{"taxonomy":"category","embeddable":true,"href":"https:\/\/www.proelan.com\/index.php\/wp-json\/wp\/v2\/categories?post=2312"},{"taxonomy":"post_tag","embeddable":true,"href":"https:\/\/www.proelan.com\/index.php\/wp-json\/wp\/v2\/tags?post=2312"}],"curies":[{"name":"wp","href":"https:\/\/api.w.org\/{rel}","templated":true}]}}