{"id":2263,"date":"2023-05-26T11:45:18","date_gmt":"2023-05-26T10:45:18","guid":{"rendered":"https:\/\/v4.proelan.com\/?p=2263"},"modified":"2023-05-26T11:45:18","modified_gmt":"2023-05-26T10:45:18","slug":"les-avantages-proelan","status":"publish","type":"post","link":"https:\/\/www.proelan.com\/index.php\/2023\/05\/26\/les-avantages-proelan\/","title":{"rendered":"Les avantages Proelan"},"content":{"rendered":"\n<p>Vous l&#8217;avez peut-\u00eatre vu sur LinkedIn, Proelan met en place pour ses collaborateurs diff\u00e9rents avantages sociaux qui permettent de pallier \u00e0 l&#8217;inflation en augmentant le pouvoir d&#8217;achat.<\/p>\n\n\n\n<p><em>Pour ceux qui les auraient loup\u00e9, voici un r\u00e9capitulatif<\/em> \ud83d\udc47<\/p>\n\n\n\n<p>Revalorisation annuelle du salaire : <a href=\"https:\/\/www.linkedin.com\/feed\/update\/urn:li:activity:7035923457649319939\" target=\"_blank\" rel=\"noreferrer noopener nofollow\">https:\/\/www.linkedin.com\/feed\/update\/urn:li:activity:7035923457649319939<\/a><\/p>\n\n\n\n<p>Carte SWILE : <a rel=\"noreferrer noopener nofollow\" href=\"https:\/\/www.linkedin.com\/feed\/update\/urn:li:activity:7038869124847955968\" target=\"_blank\">https:\/\/www.linkedin.com\/feed\/update\/urn:li:activity:7038869124847955968<\/a><\/p>\n\n\n\n<p>La mutuelle prise en charge \u00e0 100% : <a rel=\"noreferrer noopener nofollow\" href=\"https:\/\/www.linkedin.com\/feed\/update\/urn:li:activity:7041338710474305536\" target=\"_blank\">https:\/\/www.linkedin.com\/feed\/update\/urn:li:activity:7041338710474305536<\/a><\/p>\n\n\n\n<p>Le CSE : <a rel=\"noreferrer noopener nofollow\" href=\"https:\/\/www.linkedin.com\/feed\/update\/urn:li:activity:7044310930129588225\" target=\"_blank\">https:\/\/www.linkedin.com\/feed\/update\/urn:li:activity:7044310930129588225<\/a><\/p>\n\n\n\n<p>Aide \u00e0 la mobilit\u00e9 et au logement : <a rel=\"noreferrer noopener nofollow\" href=\"https:\/\/www.linkedin.com\/feed\/update\/urn:li:activity:7046849892857593856\" target=\"_blank\">https:\/\/www.linkedin.com\/feed\/update\/urn:li:activity:7046849892857593856<\/a><\/p>\n\n\n\n<p>Prime de mobilit\u00e9 durable et prime de transport : <a rel=\"noreferrer noopener nofollow\" href=\"https:\/\/www.linkedin.com\/feed\/update\/urn:li:activity:7049312619794505728\" target=\"_blank\">https:\/\/www.linkedin.com\/feed\/update\/urn:li:activity:7049312619794505728<\/a><\/p>\n\n\n\n<p>Prime de cooptation : <a rel=\"noreferrer noopener nofollow\" href=\"https:\/\/www.linkedin.com\/feed\/update\/urn:li:activity:7052272759569100800\" target=\"_blank\">https:\/\/www.linkedin.com\/feed\/update\/urn:li:activity:7052272759569100800<\/a><\/p>\n\n\n\n<p>Les RTT : <a rel=\"noreferrer noopener nofollow\" href=\"https:\/\/www.linkedin.com\/feed\/update\/urn:li:activity:7054741016309854208\" target=\"_blank\">https:\/\/www.linkedin.com\/feed\/update\/urn:li:activity:7054741016309854208<\/a><\/p>\n\n\n\n<p>Alors \u00e7a vous tente ? Rejoignez l&#8217;aventure Proelan \u26f5<\/p>\n","protected":false},"excerpt":{"rendered":"<p>Vous l&#8217;avez peut-\u00eatre vu sur LinkedIn, Proelan met en place pour ses collaborateurs diff\u00e9rents avantages sociaux qui permettent de pallier \u00e0 l&#8217;inflation en augmentant le pouvoir d&#8217;achat. Pour ceux qui les auraient loup\u00e9, voici un r\u00e9capitulatif \ud83d\udc47 Revalorisation annuelle du salaire : https:\/\/www.linkedin.com\/feed\/update\/urn:li:activity:7035923457649319939 Carte SWILE : https:\/\/www.linkedin.com\/feed\/update\/urn:li:activity:7038869124847955968 La mutuelle prise en charge \u00e0 100% :<a href=\"https:\/\/www.proelan.com\/index.php\/2023\/05\/26\/les-avantages-proelan\/\">[&#8230;]<\/a><\/p>\n","protected":false},"author":4,"featured_media":2264,"comment_status":"open","ping_status":"open","sticky":false,"template":"","format":"standard","meta":{"footnotes":""},"categories":[17],"tags":[],"class_list":["post-2263","post","type-post","status-publish","format-standard","has-post-thumbnail","hentry","category-viedeproelan"],"_links":{"self":[{"href":"https:\/\/www.proelan.com\/index.php\/wp-json\/wp\/v2\/posts\/2263","targetHints":{"allow":["GET"]}}],"collection":[{"href":"https:\/\/www.proelan.com\/index.php\/wp-json\/wp\/v2\/posts"}],"about":[{"href":"https:\/\/www.proelan.com\/index.php\/wp-json\/wp\/v2\/types\/post"}],"author":[{"embeddable":true,"href":"https:\/\/www.proelan.com\/index.php\/wp-json\/wp\/v2\/users\/4"}],"replies":[{"embeddable":true,"href":"https:\/\/www.proelan.com\/index.php\/wp-json\/wp\/v2\/comments?post=2263"}],"version-history":[{"count":0,"href":"https:\/\/www.proelan.com\/index.php\/wp-json\/wp\/v2\/posts\/2263\/revisions"}],"wp:featuredmedia":[{"embeddable":true,"href":"https:\/\/www.proelan.com\/index.php\/wp-json\/wp\/v2\/media\/2264"}],"wp:attachment":[{"href":"https:\/\/www.proelan.com\/index.php\/wp-json\/wp\/v2\/media?parent=2263"}],"wp:term":[{"taxonomy":"category","embeddable":true,"href":"https:\/\/www.proelan.com\/index.php\/wp-json\/wp\/v2\/categories?post=2263"},{"taxonomy":"post_tag","embeddable":true,"href":"https:\/\/www.proelan.com\/index.php\/wp-json\/wp\/v2\/tags?post=2263"}],"curies":[{"name":"wp","href":"https:\/\/api.w.org\/{rel}","templated":true}]}}