{"id":2232,"date":"2023-02-20T14:33:36","date_gmt":"2023-02-20T13:33:36","guid":{"rendered":"https:\/\/v4.proelan.com\/?p=2232"},"modified":"2023-02-20T14:33:36","modified_gmt":"2023-02-20T13:33:36","slug":"lengagement-pour-linnovation","status":"publish","type":"post","link":"https:\/\/www.proelan.com\/index.php\/2023\/02\/20\/lengagement-pour-linnovation\/","title":{"rendered":"L&#8217;engagement pour l&#8217;innovation"},"content":{"rendered":"\n<p>Nous sommes ravis de vous annoncer que Proelan vient de renouveler pour la troisi\u00e8me fois cons\u00e9cutive son agr\u00e9ment CIR et obtenu pour la premi\u00e8re fois l&#8217;agr\u00e9ment CII \ud83e\udd73<\/p>\n\n\n\n<p>C&#8217;est une formidable nouvelle pour notre entreprise et cela t\u00e9moigne de notre engagement \u00e0 continuer de soutenir l&#8217;innovation dans notre secteur \ud83d\udca1<\/p>\n\n\n\n<p>Ils permettront \u00e9galement d&#8217;intervenir sur des projets innovants et de contribuer au d\u00e9veloppement de technologies et solutions disruptives \u2728<\/p>\n\n\n\n<p>Nous sommes convaincus que ces accords CIR et CII vont nous permettre de poursuivre notre qu\u00eate d&#8217;innovation \ud83d\udd0e<\/p>\n\n\n\n<p>Nous remercions nos partenaires et clients pour leur confiance et leur soutien continu et nous sommes impatients de travailler avec eux \ud83e\udd1d sur de nouveaux projets passionnants dans les mois et ann\u00e9es \u00e0 venir \ud83d\udcaa<\/p>\n\n\n\n<p>L&#8217;\u00e9quipe Proelan<\/p>\n\n\n\n<figure class=\"wp-block-image size-large\"><img loading=\"lazy\" decoding=\"async\" width=\"2000\" height=\"1600\" src=\"\/wp-content\/uploads\/2023\/02\/2022-2023-2024.png\" alt=\"\" class=\"wp-image-2233\" title=\"\"><\/figure>\n","protected":false},"excerpt":{"rendered":"<p>Nous sommes ravis de vous annoncer que Proelan vient de renouveler pour la troisi\u00e8me fois cons\u00e9cutive son agr\u00e9ment CIR et obtenu pour la premi\u00e8re fois l&#8217;agr\u00e9ment CII \ud83e\udd73 C&#8217;est une formidable nouvelle pour notre entreprise et cela t\u00e9moigne de notre engagement \u00e0 continuer de soutenir l&#8217;innovation dans notre secteur \ud83d\udca1 Ils permettront \u00e9galement d&#8217;intervenir sur<a href=\"https:\/\/www.proelan.com\/index.php\/2023\/02\/20\/lengagement-pour-linnovation\/\">[&#8230;]<\/a><\/p>\n","protected":false},"author":4,"featured_media":2188,"comment_status":"open","ping_status":"open","sticky":false,"template":"","format":"standard","meta":{"footnotes":""},"categories":[9],"tags":[],"class_list":["post-2232","post","type-post","status-publish","format-standard","has-post-thumbnail","hentry","category-decisionnel-olympe"],"_links":{"self":[{"href":"https:\/\/www.proelan.com\/index.php\/wp-json\/wp\/v2\/posts\/2232","targetHints":{"allow":["GET"]}}],"collection":[{"href":"https:\/\/www.proelan.com\/index.php\/wp-json\/wp\/v2\/posts"}],"about":[{"href":"https:\/\/www.proelan.com\/index.php\/wp-json\/wp\/v2\/types\/post"}],"author":[{"embeddable":true,"href":"https:\/\/www.proelan.com\/index.php\/wp-json\/wp\/v2\/users\/4"}],"replies":[{"embeddable":true,"href":"https:\/\/www.proelan.com\/index.php\/wp-json\/wp\/v2\/comments?post=2232"}],"version-history":[{"count":0,"href":"https:\/\/www.proelan.com\/index.php\/wp-json\/wp\/v2\/posts\/2232\/revisions"}],"wp:featuredmedia":[{"embeddable":true,"href":"https:\/\/www.proelan.com\/index.php\/wp-json\/wp\/v2\/media\/2188"}],"wp:attachment":[{"href":"https:\/\/www.proelan.com\/index.php\/wp-json\/wp\/v2\/media?parent=2232"}],"wp:term":[{"taxonomy":"category","embeddable":true,"href":"https:\/\/www.proelan.com\/index.php\/wp-json\/wp\/v2\/categories?post=2232"},{"taxonomy":"post_tag","embeddable":true,"href":"https:\/\/www.proelan.com\/index.php\/wp-json\/wp\/v2\/tags?post=2232"}],"curies":[{"name":"wp","href":"https:\/\/api.w.org\/{rel}","templated":true}]}}