{"id":2199,"date":"2022-09-27T14:05:25","date_gmt":"2022-09-27T13:05:25","guid":{"rendered":"https:\/\/v4.proelan.com\/?p=2199"},"modified":"2022-09-27T14:05:25","modified_gmt":"2022-09-27T13:05:25","slug":"une-naissance-des-cadeaux","status":"publish","type":"post","link":"https:\/\/www.proelan.com\/index.php\/2022\/09\/27\/une-naissance-des-cadeaux\/","title":{"rendered":"Une naissance : des cadeaux !"},"content":{"rendered":"\n<p style=\"background-color:#d4eefe\" class=\"has-background has-text-align-left\">Toute l&#8217;\u00e9quipe de Proelan f\u00e9licite, St\u00e9phane MIRMINA, directeur commercial et sa compagne pour la naissance de leur enfant \ud83d\udc76<\/p>\n\n\n\n<p style=\"background-color:#d4eefe\" class=\"has-background\">A cette occasion, un ap\u00e9ro \ud83e\udd42, des cadeaux \ud83c\udf81 et en prime, une jolie rencontre avec ce petit bout ! <\/p>\n\n\n\n<p style=\"background-color:#d4eefe\" class=\"has-background\">Nous souhaitons la bienvenue \u00e0 ce petit \u00eatre et encore f\u00e9licitations aux heureux parents \ud83e\udd73<\/p>\n\n\n\n<div class=\"wp-block-image\"><figure class=\"aligncenter is-resized\"><a href=\"https:\/\/www.linkedin.com\/feed\/update\/urn:li:activity:6979091242156494857\/?actorCompanyId=2607704*\" rel=\"nofollow noopener\" target=\"_blank\"><img loading=\"lazy\" decoding=\"async\" src=\"\/wp-content\/uploads\/2022\/09\/Bleu-Nuages-Photo-Naissance-Faire-part.png\" alt=\"\" width=\"350\" height=\"493\" title=\"\"><\/a><\/figure><\/div>\n\n\n\n<p><\/p>\n","protected":false},"excerpt":{"rendered":"<p>Toute l&#8217;\u00e9quipe de Proelan f\u00e9licite, St\u00e9phane MIRMINA, directeur commercial et sa compagne pour la naissance de leur enfant \ud83d\udc76 A cette occasion, un ap\u00e9ro \ud83e\udd42, des cadeaux \ud83c\udf81 et en prime, une jolie rencontre avec ce petit bout ! Nous souhaitons la bienvenue \u00e0 ce petit \u00eatre et encore f\u00e9licitations aux heureux parents \ud83e\udd73<\/p>\n","protected":false},"author":4,"featured_media":0,"comment_status":"open","ping_status":"open","sticky":false,"template":"","format":"standard","meta":{"footnotes":""},"categories":[17],"tags":[],"class_list":["post-2199","post","type-post","status-publish","format-standard","hentry","category-viedeproelan"],"_links":{"self":[{"href":"https:\/\/www.proelan.com\/index.php\/wp-json\/wp\/v2\/posts\/2199","targetHints":{"allow":["GET"]}}],"collection":[{"href":"https:\/\/www.proelan.com\/index.php\/wp-json\/wp\/v2\/posts"}],"about":[{"href":"https:\/\/www.proelan.com\/index.php\/wp-json\/wp\/v2\/types\/post"}],"author":[{"embeddable":true,"href":"https:\/\/www.proelan.com\/index.php\/wp-json\/wp\/v2\/users\/4"}],"replies":[{"embeddable":true,"href":"https:\/\/www.proelan.com\/index.php\/wp-json\/wp\/v2\/comments?post=2199"}],"version-history":[{"count":0,"href":"https:\/\/www.proelan.com\/index.php\/wp-json\/wp\/v2\/posts\/2199\/revisions"}],"wp:attachment":[{"href":"https:\/\/www.proelan.com\/index.php\/wp-json\/wp\/v2\/media?parent=2199"}],"wp:term":[{"taxonomy":"category","embeddable":true,"href":"https:\/\/www.proelan.com\/index.php\/wp-json\/wp\/v2\/categories?post=2199"},{"taxonomy":"post_tag","embeddable":true,"href":"https:\/\/www.proelan.com\/index.php\/wp-json\/wp\/v2\/tags?post=2199"}],"curies":[{"name":"wp","href":"https:\/\/api.w.org\/{rel}","templated":true}]}}