{"id":1944,"date":"2020-12-17T17:38:34","date_gmt":"2020-12-17T16:38:34","guid":{"rendered":"https:\/\/v4.proelan.com\/?p=1944"},"modified":"2020-12-18T10:19:56","modified_gmt":"2020-12-18T09:19:56","slug":"le-cse-proelan-vous-souhaite-de-tres-belles-fetes-de-fin-dannee","status":"publish","type":"post","link":"https:\/\/www.proelan.com\/index.php\/2020\/12\/17\/le-cse-proelan-vous-souhaite-de-tres-belles-fetes-de-fin-dannee\/","title":{"rendered":"Le CSE Proelan vous souhaite de tr\u00e8s belles f\u00eates de fin d&#8217;ann\u00e9e"},"content":{"rendered":"\n<figure class=\"wp-block-gallery columns-1 is-cropped wp-block-gallery-1 is-layout-flex wp-block-gallery-is-layout-flex\"><ul class=\"blocks-gallery-grid\"><li class=\"blocks-gallery-item\"><figure><img loading=\"lazy\" decoding=\"async\" width=\"1080\" height=\"1080\" src=\"\/wp-content\/uploads\/2020\/12\/Le-CSE-de-Proelan-vous-souhaite-de-Belles-F\u00eates-de-fin-dann\u00e9e-2.png\" alt=\"\" data-id=\"1955\" data-link=\"\/?attachment_id=1955\" class=\"wp-image-1955\" title=\"\"><\/figure><\/li><\/ul><\/figure>\n\n\n\n<p class=\"has-text-align-center\">C&#8217;est avec le sourire que les membres du CSE ont donn\u00e9 rendez vous \u00e0 nos salari\u00e9s dans chaque grande ville du d\u00e9partement pour distribuer les cadeaux de fin d&#8217;ann\u00e9e \u00e0 la totalit\u00e9 d&#8217;entre eux! \ud83d\udc9d<\/p>\n\n\n\n<p class=\"has-text-align-center\">Et ce dans le respect des normes sanitaires et en toute \u00e9cologie ! <\/p>\n\n\n\n<p class=\"has-text-align-center\">Merci encore pour ce geste qui ne fait que renforcer l&#8217;esprit d&#8217;\u00e9quipe mais aussi de f\u00eates malgr\u00e9 la situation actuelle ! \ud83c\udf84\ud83c\udf84\ud83c\udf84<\/p>\n\n\n\n<p><\/p>\n","protected":false},"excerpt":{"rendered":"<p>C&#8217;est avec le sourire que les membres du CSE ont donn\u00e9 rendez vous \u00e0 nos salari\u00e9s dans chaque grande ville du d\u00e9partement pour distribuer les cadeaux de fin d&#8217;ann\u00e9e \u00e0 la totalit\u00e9 d&#8217;entre eux! \ud83d\udc9d Et ce dans le respect des normes sanitaires et en toute \u00e9cologie ! Merci encore pour ce geste qui ne<a href=\"https:\/\/www.proelan.com\/index.php\/2020\/12\/17\/le-cse-proelan-vous-souhaite-de-tres-belles-fetes-de-fin-dannee\/\">[&#8230;]<\/a><\/p>\n","protected":false},"author":21714,"featured_media":1955,"comment_status":"open","ping_status":"open","sticky":true,"template":"","format":"standard","meta":{"footnotes":""},"categories":[9,1,17],"tags":[],"class_list":["post-1944","post","type-post","status-publish","format-standard","has-post-thumbnail","hentry","category-decisionnel-olympe","category-non-classe","category-viedeproelan"],"_links":{"self":[{"href":"https:\/\/www.proelan.com\/index.php\/wp-json\/wp\/v2\/posts\/1944","targetHints":{"allow":["GET"]}}],"collection":[{"href":"https:\/\/www.proelan.com\/index.php\/wp-json\/wp\/v2\/posts"}],"about":[{"href":"https:\/\/www.proelan.com\/index.php\/wp-json\/wp\/v2\/types\/post"}],"author":[{"embeddable":true,"href":"https:\/\/www.proelan.com\/index.php\/wp-json\/wp\/v2\/users\/21714"}],"replies":[{"embeddable":true,"href":"https:\/\/www.proelan.com\/index.php\/wp-json\/wp\/v2\/comments?post=1944"}],"version-history":[{"count":0,"href":"https:\/\/www.proelan.com\/index.php\/wp-json\/wp\/v2\/posts\/1944\/revisions"}],"wp:featuredmedia":[{"embeddable":true,"href":"https:\/\/www.proelan.com\/index.php\/wp-json\/wp\/v2\/media\/1955"}],"wp:attachment":[{"href":"https:\/\/www.proelan.com\/index.php\/wp-json\/wp\/v2\/media?parent=1944"}],"wp:term":[{"taxonomy":"category","embeddable":true,"href":"https:\/\/www.proelan.com\/index.php\/wp-json\/wp\/v2\/categories?post=1944"},{"taxonomy":"post_tag","embeddable":true,"href":"https:\/\/www.proelan.com\/index.php\/wp-json\/wp\/v2\/tags?post=1944"}],"curies":[{"name":"wp","href":"https:\/\/api.w.org\/{rel}","templated":true}]}}