{"id":1881,"date":"2020-10-01T15:05:02","date_gmt":"2020-10-01T14:05:02","guid":{"rendered":"https:\/\/v4.proelan.com\/?p=1881"},"modified":"2020-12-18T10:23:51","modified_gmt":"2020-12-18T09:23:51","slug":"les-talents-caches-de-nos-salaries","status":"publish","type":"post","link":"https:\/\/www.proelan.com\/index.php\/2020\/10\/01\/les-talents-caches-de-nos-salaries\/","title":{"rendered":"Les talents cach\u00e9s de nos salari\u00e9s"},"content":{"rendered":"\n<p>Nous tenons \u00e0 f\u00e9liciter Samuel qui a termin\u00e9 premier lors du 9.5km de Tourettes sur Loup ce Weekend ! <\/p>\n\n\n\n<figure class=\"wp-block-gallery columns-1 is-cropped wp-block-gallery-1 is-layout-flex wp-block-gallery-is-layout-flex\"><ul class=\"blocks-gallery-grid\"><li class=\"blocks-gallery-item\"><figure><img loading=\"lazy\" decoding=\"async\" width=\"685\" height=\"652\" src=\"\/wp-content\/uploads\/2020\/10\/samuel.png\" alt=\"\" data-id=\"1887\" data-link=\"\/index.php\/2020\/10\/01\/les-talents-caches-de-nos-salaries\/samuel\/\" class=\"wp-image-1887\" title=\"\"><\/figure><\/li><\/ul><\/figure>\n\n\n\n<p>Bravo Champion ! <\/p>\n\n\n\n<figure class=\"wp-block-gallery columns-1 is-cropped wp-block-gallery-2 is-layout-flex wp-block-gallery-is-layout-flex\"><ul class=\"blocks-gallery-grid\"><li class=\"blocks-gallery-item\"><figure><img loading=\"lazy\" decoding=\"async\" width=\"811\" height=\"792\" src=\"\/wp-content\/uploads\/2020\/10\/PHOTO-2020-09-29-11-38-53-1.jpg\" alt=\"\" data-id=\"1885\" data-link=\"\/?attachment_id=1885\" class=\"wp-image-1885\" title=\"\"><\/figure><\/li><\/ul><\/figure>\n","protected":false},"excerpt":{"rendered":"<p>Nous tenons \u00e0 f\u00e9liciter Samuel qui a termin\u00e9 premier lors du 9.5km de Tourettes sur Loup ce Weekend ! Bravo Champion !<\/p>\n","protected":false},"author":21714,"featured_media":1887,"comment_status":"open","ping_status":"open","sticky":true,"template":"","format":"standard","meta":{"footnotes":""},"categories":[9,17],"tags":[],"class_list":["post-1881","post","type-post","status-publish","format-standard","has-post-thumbnail","hentry","category-decisionnel-olympe","category-viedeproelan"],"_links":{"self":[{"href":"https:\/\/www.proelan.com\/index.php\/wp-json\/wp\/v2\/posts\/1881","targetHints":{"allow":["GET"]}}],"collection":[{"href":"https:\/\/www.proelan.com\/index.php\/wp-json\/wp\/v2\/posts"}],"about":[{"href":"https:\/\/www.proelan.com\/index.php\/wp-json\/wp\/v2\/types\/post"}],"author":[{"embeddable":true,"href":"https:\/\/www.proelan.com\/index.php\/wp-json\/wp\/v2\/users\/21714"}],"replies":[{"embeddable":true,"href":"https:\/\/www.proelan.com\/index.php\/wp-json\/wp\/v2\/comments?post=1881"}],"version-history":[{"count":0,"href":"https:\/\/www.proelan.com\/index.php\/wp-json\/wp\/v2\/posts\/1881\/revisions"}],"wp:featuredmedia":[{"embeddable":true,"href":"https:\/\/www.proelan.com\/index.php\/wp-json\/wp\/v2\/media\/1887"}],"wp:attachment":[{"href":"https:\/\/www.proelan.com\/index.php\/wp-json\/wp\/v2\/media?parent=1881"}],"wp:term":[{"taxonomy":"category","embeddable":true,"href":"https:\/\/www.proelan.com\/index.php\/wp-json\/wp\/v2\/categories?post=1881"},{"taxonomy":"post_tag","embeddable":true,"href":"https:\/\/www.proelan.com\/index.php\/wp-json\/wp\/v2\/tags?post=1881"}],"curies":[{"name":"wp","href":"https:\/\/api.w.org\/{rel}","templated":true}]}}