{"id":1662,"date":"2020-05-27T07:25:54","date_gmt":"2020-05-27T07:25:54","guid":{"rendered":"https:\/\/v4.proelan.com\/?p=1662"},"modified":"2020-12-18T10:25:30","modified_gmt":"2020-12-18T09:25:30","slug":"preparation-de-nos-bureaux-au-deconfinement","status":"publish","type":"post","link":"https:\/\/www.proelan.com\/index.php\/2020\/05\/27\/preparation-de-nos-bureaux-au-deconfinement\/","title":{"rendered":"Pr\u00e9paration de nos Bureaux au D\u00e9confinement"},"content":{"rendered":"\n<p>On vous a dit qu&#8217;on \u00e9tait une Famille? Et qu&#8217;on prenait soin de nos salari\u00e9s?!<\/p>\n\n\n\n<p>Tout le monde s&#8217;y met pour personnaliser nos plexiglas qui serviront de protection entre chaque bureau  ! Et toujours dans l&#8217;esprit FAMILLE !<br><\/p>\n\n\n\n<p>Proelan est bient\u00f4t pr\u00eat \u00e0 accueillir ses Salari\u00e9s !<\/p>\n\n\n\n<figure class=\"wp-block-gallery columns-3 is-cropped wp-block-gallery-1 is-layout-flex wp-block-gallery-is-layout-flex\"><ul class=\"blocks-gallery-grid\"><li class=\"blocks-gallery-item\"><figure><img loading=\"lazy\" decoding=\"async\" width=\"4032\" height=\"3024\" src=\"\/wp-content\/uploads\/2020\/05\/IMG_4280.jpg\" alt=\"\" data-id=\"1664\" data-link=\"\/?attachment_id=1664\" class=\"wp-image-1664\" title=\"\"><\/figure><\/li><li class=\"blocks-gallery-item\"><figure><img loading=\"lazy\" decoding=\"async\" width=\"4032\" height=\"3024\" src=\"\/wp-content\/uploads\/2020\/05\/IMG_4269.jpg\" alt=\"\" data-id=\"1667\" data-link=\"\/index.php\/2020\/05\/27\/preparation-de-nos-bureaux-au-deconfinement\/img_4269\/\" class=\"wp-image-1667\" title=\"\"><\/figure><\/li><li class=\"blocks-gallery-item\"><figure><img loading=\"lazy\" decoding=\"async\" width=\"4032\" height=\"3024\" src=\"\/wp-content\/uploads\/2020\/05\/IMG_4283.jpg\" alt=\"\" data-id=\"1665\" data-link=\"\/?attachment_id=1665\" class=\"wp-image-1665\" title=\"\"><\/figure><\/li><\/ul><\/figure>\n","protected":false},"excerpt":{"rendered":"<p>On vous a dit qu&#8217;on \u00e9tait une Famille? Et qu&#8217;on prenait soin de nos salari\u00e9s?! Tout le monde s&#8217;y met pour personnaliser nos plexiglas qui serviront de protection entre chaque bureau ! Et toujours dans l&#8217;esprit FAMILLE ! Proelan est bient\u00f4t pr\u00eat \u00e0 accueillir ses Salari\u00e9s !<\/p>\n","protected":false},"author":21714,"featured_media":1667,"comment_status":"closed","ping_status":"closed","sticky":true,"template":"","format":"standard","meta":{"footnotes":""},"categories":[9,14,17],"tags":[],"class_list":["post-1662","post","type-post","status-publish","format-standard","has-post-thumbnail","hentry","category-decisionnel-olympe","category-recrutement-et-bien-etre","category-viedeproelan"],"_links":{"self":[{"href":"https:\/\/www.proelan.com\/index.php\/wp-json\/wp\/v2\/posts\/1662","targetHints":{"allow":["GET"]}}],"collection":[{"href":"https:\/\/www.proelan.com\/index.php\/wp-json\/wp\/v2\/posts"}],"about":[{"href":"https:\/\/www.proelan.com\/index.php\/wp-json\/wp\/v2\/types\/post"}],"author":[{"embeddable":true,"href":"https:\/\/www.proelan.com\/index.php\/wp-json\/wp\/v2\/users\/21714"}],"replies":[{"embeddable":true,"href":"https:\/\/www.proelan.com\/index.php\/wp-json\/wp\/v2\/comments?post=1662"}],"version-history":[{"count":0,"href":"https:\/\/www.proelan.com\/index.php\/wp-json\/wp\/v2\/posts\/1662\/revisions"}],"wp:featuredmedia":[{"embeddable":true,"href":"https:\/\/www.proelan.com\/index.php\/wp-json\/wp\/v2\/media\/1667"}],"wp:attachment":[{"href":"https:\/\/www.proelan.com\/index.php\/wp-json\/wp\/v2\/media?parent=1662"}],"wp:term":[{"taxonomy":"category","embeddable":true,"href":"https:\/\/www.proelan.com\/index.php\/wp-json\/wp\/v2\/categories?post=1662"},{"taxonomy":"post_tag","embeddable":true,"href":"https:\/\/www.proelan.com\/index.php\/wp-json\/wp\/v2\/tags?post=1662"}],"curies":[{"name":"wp","href":"https:\/\/api.w.org\/{rel}","templated":true}]}}