{"id":1315,"date":"2020-03-19T09:57:07","date_gmt":"2020-03-19T08:57:07","guid":{"rendered":"https:\/\/v4.proelan.com\/?p=1315"},"modified":"2020-03-19T09:57:07","modified_gmt":"2020-03-19T08:57:07","slug":"1315","status":"publish","type":"post","link":"https:\/\/www.proelan.com\/index.php\/2020\/03\/19\/1315\/","title":{"rendered":"<< L'Agence de demain >>, une initiative de Pole emploi soutenue par Proelan"},"content":{"rendered":"<p>Dans le cadre de la dynamisation des relations avec ses partenaires, l&#8217;agence P\u00f4le emploi nous a convi\u00e9 hier au sein de leurs locaux \u00e0 Antibes.<\/p>\n<p>Nous avons pu \u00e0 cet effet participer \u00e0 un focus groupe qui s\u2019inscrit dans le projet \u00ab\u00a0agence de demain\u00a0\u00bb.<\/p>\n<p>Ce groupe d\u2019expression collaboratif\u00a0 a pour objectif de favoriser la libert\u00e9 d\u2019expression, de recueillir nos besoins \u00a0afin d\u2019optimiser la d\u00e9livrance de leur offre de services.<\/p>\n","protected":false},"excerpt":{"rendered":"<p>Dans le cadre de la dynamisation des relations avec ses partenaires, l&#8217;agence P\u00f4le emploi nous a convi\u00e9 hier au sein de leurs locaux \u00e0 Antibes. Nous avons pu \u00e0 cet effet participer \u00e0 un focus groupe qui s\u2019inscrit dans le projet \u00ab\u00a0agence de demain\u00a0\u00bb. Ce groupe d\u2019expression collaboratif\u00a0 a pour objectif de favoriser la libert\u00e9<a href=\"https:\/\/www.proelan.com\/index.php\/2020\/03\/19\/1315\/\">[&#8230;]<\/a><\/p>\n","protected":false},"author":4,"featured_media":1316,"comment_status":"closed","ping_status":"closed","sticky":false,"template":"","format":"standard","meta":{"footnotes":""},"categories":[9,17],"tags":[],"class_list":["post-1315","post","type-post","status-publish","format-standard","has-post-thumbnail","hentry","category-decisionnel-olympe","category-viedeproelan"],"_links":{"self":[{"href":"https:\/\/www.proelan.com\/index.php\/wp-json\/wp\/v2\/posts\/1315","targetHints":{"allow":["GET"]}}],"collection":[{"href":"https:\/\/www.proelan.com\/index.php\/wp-json\/wp\/v2\/posts"}],"about":[{"href":"https:\/\/www.proelan.com\/index.php\/wp-json\/wp\/v2\/types\/post"}],"author":[{"embeddable":true,"href":"https:\/\/www.proelan.com\/index.php\/wp-json\/wp\/v2\/users\/4"}],"replies":[{"embeddable":true,"href":"https:\/\/www.proelan.com\/index.php\/wp-json\/wp\/v2\/comments?post=1315"}],"version-history":[{"count":0,"href":"https:\/\/www.proelan.com\/index.php\/wp-json\/wp\/v2\/posts\/1315\/revisions"}],"wp:featuredmedia":[{"embeddable":true,"href":"https:\/\/www.proelan.com\/index.php\/wp-json\/wp\/v2\/media\/1316"}],"wp:attachment":[{"href":"https:\/\/www.proelan.com\/index.php\/wp-json\/wp\/v2\/media?parent=1315"}],"wp:term":[{"taxonomy":"category","embeddable":true,"href":"https:\/\/www.proelan.com\/index.php\/wp-json\/wp\/v2\/categories?post=1315"},{"taxonomy":"post_tag","embeddable":true,"href":"https:\/\/www.proelan.com\/index.php\/wp-json\/wp\/v2\/tags?post=1315"}],"curies":[{"name":"wp","href":"https:\/\/api.w.org\/{rel}","templated":true}]}}