{"id":1312,"date":"2020-03-19T09:57:07","date_gmt":"2020-03-19T08:57:07","guid":{"rendered":"https:\/\/v4.proelan.com\/?p=1312"},"modified":"2020-03-19T09:57:07","modified_gmt":"2020-03-19T08:57:07","slug":"lequipe-proelan-baby-foot-en-finale-des-jeux-de-sophia","status":"publish","type":"post","link":"https:\/\/www.proelan.com\/index.php\/2020\/03\/19\/lequipe-proelan-baby-foot-en-finale-des-jeux-de-sophia\/","title":{"rendered":"L&#8217;\u00e9quipe &#8220;PROELAN Baby-Foot&#8221; en finale des jeux de Sophia"},"content":{"rendered":"<p>Proelan participe activement aux jeux de sophia avec ses pairs.<\/p>\n<p>A cet effet, notre \u00e9quipe de Baby-foot a pu remporter avec brio les qualifications.<\/p>\n<p>N&#8217;h\u00e9sitez pas \u00e0 venir nous soutenir lors de la finale de ladite comp\u00e9tition qui se tiendra le vendredi 7 juin 2019 au Village By CA &#8211; Rue Claude Daunesse.<\/p>\n","protected":false},"excerpt":{"rendered":"<p>Proelan participe activement aux jeux de sophia avec ses pairs. A cet effet, notre \u00e9quipe de Baby-foot a pu remporter avec brio les qualifications. N&#8217;h\u00e9sitez pas \u00e0 venir nous soutenir lors de la finale de ladite comp\u00e9tition qui se tiendra le vendredi 7 juin 2019 au Village By CA &#8211; Rue Claude Daunesse.<\/p>\n","protected":false},"author":4,"featured_media":1322,"comment_status":"closed","ping_status":"closed","sticky":false,"template":"","format":"aside","meta":{"footnotes":""},"categories":[9,17],"tags":[],"class_list":["post-1312","post","type-post","status-publish","format-aside","has-post-thumbnail","hentry","category-decisionnel-olympe","category-viedeproelan","post_format-post-format-aside"],"_links":{"self":[{"href":"https:\/\/www.proelan.com\/index.php\/wp-json\/wp\/v2\/posts\/1312","targetHints":{"allow":["GET"]}}],"collection":[{"href":"https:\/\/www.proelan.com\/index.php\/wp-json\/wp\/v2\/posts"}],"about":[{"href":"https:\/\/www.proelan.com\/index.php\/wp-json\/wp\/v2\/types\/post"}],"author":[{"embeddable":true,"href":"https:\/\/www.proelan.com\/index.php\/wp-json\/wp\/v2\/users\/4"}],"replies":[{"embeddable":true,"href":"https:\/\/www.proelan.com\/index.php\/wp-json\/wp\/v2\/comments?post=1312"}],"version-history":[{"count":0,"href":"https:\/\/www.proelan.com\/index.php\/wp-json\/wp\/v2\/posts\/1312\/revisions"}],"wp:featuredmedia":[{"embeddable":true,"href":"https:\/\/www.proelan.com\/index.php\/wp-json\/wp\/v2\/media\/1322"}],"wp:attachment":[{"href":"https:\/\/www.proelan.com\/index.php\/wp-json\/wp\/v2\/media?parent=1312"}],"wp:term":[{"taxonomy":"category","embeddable":true,"href":"https:\/\/www.proelan.com\/index.php\/wp-json\/wp\/v2\/categories?post=1312"},{"taxonomy":"post_tag","embeddable":true,"href":"https:\/\/www.proelan.com\/index.php\/wp-json\/wp\/v2\/tags?post=1312"}],"curies":[{"name":"wp","href":"https:\/\/api.w.org\/{rel}","templated":true}]}}