{"id":1299,"date":"2020-03-19T09:57:07","date_gmt":"2020-03-19T08:57:07","guid":{"rendered":"https:\/\/v4.proelan.com\/?p=1299"},"modified":"2020-03-19T09:57:07","modified_gmt":"2020-03-19T08:57:07","slug":"proelan-soutien-la-1ere-promo-de-developpeur-web-et-web-mobile-du-cci-cote-dazur","status":"publish","type":"post","link":"https:\/\/www.proelan.com\/index.php\/2020\/03\/19\/proelan-soutien-la-1ere-promo-de-developpeur-web-et-web-mobile-du-cci-cote-dazur\/","title":{"rendered":"Proelan soutient la 1\u00e8re promo de D\u00e9veloppeur Web et Web Mobile du CCI C\u00f4te d&#8217;Azur"},"content":{"rendered":"<p>Le jeudi 04 avril dernier, nous avons eu le plaisir de rencontrer la premi\u00e8re promotion de d\u00e9veloppeurs en cours de formation au CCI c\u00f4te d&#8217;Azur.<\/p>\n<p>Compos\u00e9e \u00e0 40 % de femmes, cette formation a la particularit\u00e9 d&#8217;avoir r\u00e9uni en son sein des auditeurs au parcours h\u00e9t\u00e9rog\u00e8ne mais ayant en commun une passion pour le d\u00e9veloppement Web et Mobile.<\/p>\n<p>La s\u00e9ance s&#8217;est d\u00e9roul\u00e9e en trois phases:<\/p>\n<ul>\n<li>Pr\u00e9sentation des projets r\u00e9alis\u00e9s durant la prairie<\/li>\n<li>Stage dating\u00a0: pr\u00e9sentation minut\u00e9e \u2013 offre par entreprise\/profil stagiaire<\/li>\n<li>Echanges et discussions autour d\u2019un caf\u00e9 et de quelques viennoiseries<\/li>\n<\/ul>\n<p>Nous avons r\u00e9affirm\u00e9 notre soutien aux \u00e9quipes encadrantes et ne manquerons pas d&#8217;apporter notre appui \u00e0 cette belle initiative.<\/p>\n","protected":false},"excerpt":{"rendered":"<p>Le jeudi 04 avril dernier, nous avons eu le plaisir de rencontrer la premi\u00e8re promotion de d\u00e9veloppeurs en cours de formation au CCI c\u00f4te d&#8217;Azur. Compos\u00e9e \u00e0 40 % de femmes, cette formation a la particularit\u00e9 d&#8217;avoir r\u00e9uni en son sein des auditeurs au parcours h\u00e9t\u00e9rog\u00e8ne mais ayant en commun une passion pour le d\u00e9veloppement<a href=\"https:\/\/www.proelan.com\/index.php\/2020\/03\/19\/proelan-soutien-la-1ere-promo-de-developpeur-web-et-web-mobile-du-cci-cote-dazur\/\">[&#8230;]<\/a><\/p>\n","protected":false},"author":4,"featured_media":1301,"comment_status":"closed","ping_status":"closed","sticky":false,"template":"","format":"standard","meta":{"footnotes":""},"categories":[9,17],"tags":[],"class_list":["post-1299","post","type-post","status-publish","format-standard","has-post-thumbnail","hentry","category-decisionnel-olympe","category-viedeproelan"],"_links":{"self":[{"href":"https:\/\/www.proelan.com\/index.php\/wp-json\/wp\/v2\/posts\/1299","targetHints":{"allow":["GET"]}}],"collection":[{"href":"https:\/\/www.proelan.com\/index.php\/wp-json\/wp\/v2\/posts"}],"about":[{"href":"https:\/\/www.proelan.com\/index.php\/wp-json\/wp\/v2\/types\/post"}],"author":[{"embeddable":true,"href":"https:\/\/www.proelan.com\/index.php\/wp-json\/wp\/v2\/users\/4"}],"replies":[{"embeddable":true,"href":"https:\/\/www.proelan.com\/index.php\/wp-json\/wp\/v2\/comments?post=1299"}],"version-history":[{"count":0,"href":"https:\/\/www.proelan.com\/index.php\/wp-json\/wp\/v2\/posts\/1299\/revisions"}],"wp:featuredmedia":[{"embeddable":true,"href":"https:\/\/www.proelan.com\/index.php\/wp-json\/wp\/v2\/media\/1301"}],"wp:attachment":[{"href":"https:\/\/www.proelan.com\/index.php\/wp-json\/wp\/v2\/media?parent=1299"}],"wp:term":[{"taxonomy":"category","embeddable":true,"href":"https:\/\/www.proelan.com\/index.php\/wp-json\/wp\/v2\/categories?post=1299"},{"taxonomy":"post_tag","embeddable":true,"href":"https:\/\/www.proelan.com\/index.php\/wp-json\/wp\/v2\/tags?post=1299"}],"curies":[{"name":"wp","href":"https:\/\/api.w.org\/{rel}","templated":true}]}}