{"id":1265,"date":"2020-03-19T09:57:07","date_gmt":"2020-03-19T08:57:07","guid":{"rendered":"https:\/\/v4.proelan.com\/?p=1265"},"modified":"2020-03-19T09:57:07","modified_gmt":"2020-03-19T08:57:07","slug":"avenir-et-competences-en-region-sud","status":"publish","type":"post","link":"https:\/\/www.proelan.com\/index.php\/2020\/03\/19\/avenir-et-competences-en-region-sud\/","title":{"rendered":"Avenir et Comp\u00e9tences en R\u00e9gion Sud"},"content":{"rendered":"<p>Proelan a particip\u00e9 a un groupe de travail qui a r\u00e9uni ses pairs ce jeudi 31 janvier 2019 au sein des locaux du CCI de Marseille et pour cause !<\/p>\n<p>Dans un contexte de\u00a0concurrence entre les territoires, les technopoles nationales et internationales et de difficult\u00e9 \u00e0 capter les Talents, facteur cl\u00e9 de d\u00e9veloppement et de comp\u00e9titivit\u00e9 des entreprises, <strong>les CCI de la R\u00e9gion Sud et ses partenaires<\/strong> ont mobilis\u00e9 des financements europ\u00e9ens pour d\u00e9velopper une <strong>solution digitale<\/strong><strong>*<\/strong> qui a pour but de\u00a0:<\/p>\n<ul>\n<li><strong>Constituer un vivier de Talents<\/strong> cibl\u00e9 autour des m\u00e9tiers du Num\u00e9rique,<\/li>\n<li><strong>Sourcer les \u00ab Talents \u00bb<\/strong> de mani\u00e8re innovante, interactive et parfaitement cibl\u00e9e afin d\u2019\u00eatre mis en relation (matching par les comp\u00e9tences) pour les <strong>recruter<\/strong>,<\/li>\n<li><strong>Anticiper<\/strong> les besoins en comp\u00e9tences du territoire.<\/li>\n<\/ul>\n<p>Nous n&#8217;h\u00e9siterons pas \u00e0 vous tenir inform\u00e9s de l&#8217;\u00e9volution de ladite solution&#8230;<\/p>\n","protected":false},"excerpt":{"rendered":"<p>Proelan a particip\u00e9 a un groupe de travail qui a r\u00e9uni ses pairs ce jeudi 31 janvier 2019 au sein des locaux du CCI de Marseille et pour cause ! Dans un contexte de\u00a0concurrence entre les territoires, les technopoles nationales et internationales et de difficult\u00e9 \u00e0 capter les Talents, facteur cl\u00e9 de d\u00e9veloppement et de<a href=\"https:\/\/www.proelan.com\/index.php\/2020\/03\/19\/avenir-et-competences-en-region-sud\/\">[&#8230;]<\/a><\/p>\n","protected":false},"author":4,"featured_media":1267,"comment_status":"closed","ping_status":"closed","sticky":false,"template":"","format":"standard","meta":{"footnotes":""},"categories":[9,14,17],"tags":[],"class_list":["post-1265","post","type-post","status-publish","format-standard","has-post-thumbnail","hentry","category-decisionnel-olympe","category-recrutement-et-bien-etre","category-viedeproelan"],"_links":{"self":[{"href":"https:\/\/www.proelan.com\/index.php\/wp-json\/wp\/v2\/posts\/1265","targetHints":{"allow":["GET"]}}],"collection":[{"href":"https:\/\/www.proelan.com\/index.php\/wp-json\/wp\/v2\/posts"}],"about":[{"href":"https:\/\/www.proelan.com\/index.php\/wp-json\/wp\/v2\/types\/post"}],"author":[{"embeddable":true,"href":"https:\/\/www.proelan.com\/index.php\/wp-json\/wp\/v2\/users\/4"}],"replies":[{"embeddable":true,"href":"https:\/\/www.proelan.com\/index.php\/wp-json\/wp\/v2\/comments?post=1265"}],"version-history":[{"count":0,"href":"https:\/\/www.proelan.com\/index.php\/wp-json\/wp\/v2\/posts\/1265\/revisions"}],"wp:featuredmedia":[{"embeddable":true,"href":"https:\/\/www.proelan.com\/index.php\/wp-json\/wp\/v2\/media\/1267"}],"wp:attachment":[{"href":"https:\/\/www.proelan.com\/index.php\/wp-json\/wp\/v2\/media?parent=1265"}],"wp:term":[{"taxonomy":"category","embeddable":true,"href":"https:\/\/www.proelan.com\/index.php\/wp-json\/wp\/v2\/categories?post=1265"},{"taxonomy":"post_tag","embeddable":true,"href":"https:\/\/www.proelan.com\/index.php\/wp-json\/wp\/v2\/tags?post=1265"}],"curies":[{"name":"wp","href":"https:\/\/api.w.org\/{rel}","templated":true}]}}