{"id":1251,"date":"2020-03-19T09:57:07","date_gmt":"2020-03-19T08:57:07","guid":{"rendered":"https:\/\/v4.proelan.com\/?p=1251"},"modified":"2020-03-19T09:57:07","modified_gmt":"2020-03-19T08:57:07","slug":"1251","status":"publish","type":"post","link":"https:\/\/www.proelan.com\/index.php\/2020\/03\/19\/1251\/","title":{"rendered":"PROELAN s&#8217;implique dans la formation professionnelle des \u00e9tudiants"},"content":{"rendered":"<p><img loading=\"lazy\" decoding=\"async\" class=\" wp-image-1250\" src=\"\/wp-content\/uploads\/2019\/01\/IUT.jpg\" alt=\"\" width=\"186\" height=\"140\" title=\"\"><\/p>\n<p>Nous avons pu participer a eu lieu la <strong>9 \u00e8me soir\u00e9e des partenariats IUT \u00e0 Nice<\/strong>. Il s&#8217;est agit de r\u00e9unir tous les partenaires de ladite institution \u00e0 des fins de vulgariser les actions qu\u2019elle m\u00e8ne et surtout de nous amener \u00e0 nous impliquer davantage dans la formation professionnelle des \u00e9tudiants.<\/p>\n<p>A cet effet, plusieurs interventions ont \u00e9t\u00e9 r\u00e9alis\u00e9es dont une par les \u00e9tudiants qui ont fait un retour d\u2019exp\u00e9rience par rapport \u00e0 leur stage et surtout premi\u00e8re immersion professionnelle en tant qu\u2019\u00e9tudiant.<\/p>\n<p>Proelan r\u00e9affirme son soutien et son implication dans la formation professionnelle des \u00e9tudiants par le recrutement des alternants ou stagiaires dans le cadre de parcours en Licence et Master.<\/p>\n<p>N&#8217;h\u00e9sitez pas \u00e0 nous solliciter par mail \u00e0 rh@proelan.com ou au +337 61 82 58 14<\/p>\n","protected":false},"excerpt":{"rendered":"<p>Nous avons pu participer a eu lieu la 9 \u00e8me soir\u00e9e des partenariats IUT \u00e0 Nice. Il s&#8217;est agit de r\u00e9unir tous les partenaires de ladite institution \u00e0 des fins de vulgariser les actions qu\u2019elle m\u00e8ne et surtout de nous amener \u00e0 nous impliquer davantage dans la formation professionnelle des \u00e9tudiants. A cet effet, plusieurs<a href=\"https:\/\/www.proelan.com\/index.php\/2020\/03\/19\/1251\/\">[&#8230;]<\/a><\/p>\n","protected":false},"author":4,"featured_media":1250,"comment_status":"closed","ping_status":"closed","sticky":false,"template":"","format":"standard","meta":{"footnotes":""},"categories":[9,17],"tags":[],"class_list":["post-1251","post","type-post","status-publish","format-standard","has-post-thumbnail","hentry","category-decisionnel-olympe","category-viedeproelan"],"_links":{"self":[{"href":"https:\/\/www.proelan.com\/index.php\/wp-json\/wp\/v2\/posts\/1251","targetHints":{"allow":["GET"]}}],"collection":[{"href":"https:\/\/www.proelan.com\/index.php\/wp-json\/wp\/v2\/posts"}],"about":[{"href":"https:\/\/www.proelan.com\/index.php\/wp-json\/wp\/v2\/types\/post"}],"author":[{"embeddable":true,"href":"https:\/\/www.proelan.com\/index.php\/wp-json\/wp\/v2\/users\/4"}],"replies":[{"embeddable":true,"href":"https:\/\/www.proelan.com\/index.php\/wp-json\/wp\/v2\/comments?post=1251"}],"version-history":[{"count":0,"href":"https:\/\/www.proelan.com\/index.php\/wp-json\/wp\/v2\/posts\/1251\/revisions"}],"wp:featuredmedia":[{"embeddable":true,"href":"https:\/\/www.proelan.com\/index.php\/wp-json\/wp\/v2\/media\/1250"}],"wp:attachment":[{"href":"https:\/\/www.proelan.com\/index.php\/wp-json\/wp\/v2\/media?parent=1251"}],"wp:term":[{"taxonomy":"category","embeddable":true,"href":"https:\/\/www.proelan.com\/index.php\/wp-json\/wp\/v2\/categories?post=1251"},{"taxonomy":"post_tag","embeddable":true,"href":"https:\/\/www.proelan.com\/index.php\/wp-json\/wp\/v2\/tags?post=1251"}],"curies":[{"name":"wp","href":"https:\/\/api.w.org\/{rel}","templated":true}]}}