{"id":1243,"date":"2020-03-19T09:57:07","date_gmt":"2020-03-19T08:57:07","guid":{"rendered":"https:\/\/v4.proelan.com\/?p=1243"},"modified":"2020-03-19T09:57:07","modified_gmt":"2020-03-19T08:57:07","slug":"participation-au-forum-des-entreprises-innovantes","status":"publish","type":"post","link":"https:\/\/www.proelan.com\/index.php\/2020\/03\/19\/participation-au-forum-des-entreprises-innovantes\/","title":{"rendered":"PROELAN reconnue comme entreprise innovante"},"content":{"rendered":"<p><img loading=\"lazy\" decoding=\"async\" class=\"alignnone wp-image-1247\" src=\"\/wp-content\/uploads\/2019\/01\/pole-pole-.jpg\" alt=\"\" width=\"161\" height=\"226\" title=\"\"><\/p>\n<p>Proelan a le plaisir de vous confirmer sa participation au forum des entreprises innovantes organis\u00e9 par P\u00f4le emploi qui se tiendra le mercredi 27 f\u00e9vrier prochain de 9h \u00e0 17h au 21 rue de Cannes 06150 Cannes la Bocca<\/p>\n<p>Ce sera le lieu d&#8217;\u00e9changer sur les diff\u00e9rentes opportunit\u00e9s de carri\u00e8re que nous proposons au sein de notre institution.<\/p>\n<p>Nous vous y attendons donc nombreux et vous rassurons de notre chaleureux accueil.<\/p>\n<p>PROELAN, PARTENAIRE DE VOTRE TRANSFORMATION DIGITALE<\/p>\n","protected":false},"excerpt":{"rendered":"<p>Proelan a le plaisir de vous confirmer sa participation au forum des entreprises innovantes organis\u00e9 par P\u00f4le emploi qui se tiendra le mercredi 27 f\u00e9vrier prochain de 9h \u00e0 17h au 21 rue de Cannes 06150 Cannes la Bocca Ce sera le lieu d&#8217;\u00e9changer sur les diff\u00e9rentes opportunit\u00e9s de carri\u00e8re que nous proposons au sein<a href=\"https:\/\/www.proelan.com\/index.php\/2020\/03\/19\/participation-au-forum-des-entreprises-innovantes\/\">[&#8230;]<\/a><\/p>\n","protected":false},"author":4,"featured_media":1244,"comment_status":"closed","ping_status":"closed","sticky":false,"template":"","format":"standard","meta":{"footnotes":""},"categories":[9,1,17],"tags":[],"class_list":["post-1243","post","type-post","status-publish","format-standard","has-post-thumbnail","hentry","category-decisionnel-olympe","category-non-classe","category-viedeproelan"],"_links":{"self":[{"href":"https:\/\/www.proelan.com\/index.php\/wp-json\/wp\/v2\/posts\/1243","targetHints":{"allow":["GET"]}}],"collection":[{"href":"https:\/\/www.proelan.com\/index.php\/wp-json\/wp\/v2\/posts"}],"about":[{"href":"https:\/\/www.proelan.com\/index.php\/wp-json\/wp\/v2\/types\/post"}],"author":[{"embeddable":true,"href":"https:\/\/www.proelan.com\/index.php\/wp-json\/wp\/v2\/users\/4"}],"replies":[{"embeddable":true,"href":"https:\/\/www.proelan.com\/index.php\/wp-json\/wp\/v2\/comments?post=1243"}],"version-history":[{"count":0,"href":"https:\/\/www.proelan.com\/index.php\/wp-json\/wp\/v2\/posts\/1243\/revisions"}],"wp:featuredmedia":[{"embeddable":true,"href":"https:\/\/www.proelan.com\/index.php\/wp-json\/wp\/v2\/media\/1244"}],"wp:attachment":[{"href":"https:\/\/www.proelan.com\/index.php\/wp-json\/wp\/v2\/media?parent=1243"}],"wp:term":[{"taxonomy":"category","embeddable":true,"href":"https:\/\/www.proelan.com\/index.php\/wp-json\/wp\/v2\/categories?post=1243"},{"taxonomy":"post_tag","embeddable":true,"href":"https:\/\/www.proelan.com\/index.php\/wp-json\/wp\/v2\/tags?post=1243"}],"curies":[{"name":"wp","href":"https:\/\/api.w.org\/{rel}","templated":true}]}}