{"id":1116,"date":"2020-03-19T09:57:07","date_gmt":"2020-03-19T08:57:07","guid":{"rendered":"https:\/\/v4.proelan.com\/?p=1116"},"modified":"2020-03-19T09:57:07","modified_gmt":"2020-03-19T08:57:07","slug":"tremplin-emploi-stage-a-nice","status":"publish","type":"post","link":"https:\/\/www.proelan.com\/index.php\/2020\/03\/19\/tremplin-emploi-stage-a-nice\/","title":{"rendered":"Tremplin emploi \/ stage \u00e0 Nice"},"content":{"rendered":"<p>Nous sommes heureux de vous annoncer notre pr\u00e9sence au forum Tremplin stage\/emploi qui aura lieu le Jeudi 26 Octobre 2018 au campus Saint-Jean-d&#8217;Angely \u00e0 Nice \u00e0 partir de 10h.<\/p>\n<p>N&#8217;h\u00e9sitez pas \u00e0 venir nous rencontrer sur notre Stand !<\/p>\n<p>Tu es sympa et comp\u00e9tent ? alors viens \u00e9changer avec nous.<\/p>\n<p><img loading=\"lazy\" decoding=\"async\" class=\"alignnone size-full wp-image-1117\" src=\"\/wp-content\/uploads\/2017\/10\/tremplin.png\" alt=\"tremplin\" width=\"500\" height=\"150\" title=\"\"><\/p>\n","protected":false},"excerpt":{"rendered":"<p>Nous sommes heureux de vous annoncer notre pr\u00e9sence au forum Tremplin stage\/emploi qui aura lieu le Jeudi 26 Octobre 2018 au campus Saint-Jean-d&#8217;Angely \u00e0 Nice \u00e0 partir de 10h. N&#8217;h\u00e9sitez pas \u00e0 venir nous rencontrer sur notre Stand ! Tu es sympa et comp\u00e9tent ? alors viens \u00e9changer avec nous.<\/p>\n","protected":false},"author":4,"featured_media":1119,"comment_status":"closed","ping_status":"closed","sticky":false,"template":"","format":"standard","meta":{"footnotes":""},"categories":[9,14],"tags":[],"class_list":["post-1116","post","type-post","status-publish","format-standard","has-post-thumbnail","hentry","category-decisionnel-olympe","category-recrutement-et-bien-etre"],"_links":{"self":[{"href":"https:\/\/www.proelan.com\/index.php\/wp-json\/wp\/v2\/posts\/1116","targetHints":{"allow":["GET"]}}],"collection":[{"href":"https:\/\/www.proelan.com\/index.php\/wp-json\/wp\/v2\/posts"}],"about":[{"href":"https:\/\/www.proelan.com\/index.php\/wp-json\/wp\/v2\/types\/post"}],"author":[{"embeddable":true,"href":"https:\/\/www.proelan.com\/index.php\/wp-json\/wp\/v2\/users\/4"}],"replies":[{"embeddable":true,"href":"https:\/\/www.proelan.com\/index.php\/wp-json\/wp\/v2\/comments?post=1116"}],"version-history":[{"count":0,"href":"https:\/\/www.proelan.com\/index.php\/wp-json\/wp\/v2\/posts\/1116\/revisions"}],"wp:featuredmedia":[{"embeddable":true,"href":"https:\/\/www.proelan.com\/index.php\/wp-json\/wp\/v2\/media\/1119"}],"wp:attachment":[{"href":"https:\/\/www.proelan.com\/index.php\/wp-json\/wp\/v2\/media?parent=1116"}],"wp:term":[{"taxonomy":"category","embeddable":true,"href":"https:\/\/www.proelan.com\/index.php\/wp-json\/wp\/v2\/categories?post=1116"},{"taxonomy":"post_tag","embeddable":true,"href":"https:\/\/www.proelan.com\/index.php\/wp-json\/wp\/v2\/tags?post=1116"}],"curies":[{"name":"wp","href":"https:\/\/api.w.org\/{rel}","templated":true}]}}