{"id":1037,"date":"2020-03-19T09:57:07","date_gmt":"2020-03-19T08:57:07","guid":{"rendered":"https:\/\/v4.proelan.com\/?p=1037"},"modified":"2020-03-19T09:57:07","modified_gmt":"2020-03-19T08:57:07","slug":"forum-de-lemploi-des-entreprises-innovantes","status":"publish","type":"post","link":"https:\/\/www.proelan.com\/index.php\/2020\/03\/19\/forum-de-lemploi-des-entreprises-innovantes\/","title":{"rendered":"Forum de l&#8217;emploi des entreprises innovantes"},"content":{"rendered":"<p><span class=\"share-body\"><span class=\"commentary js-truncate-commentary\">Proelan participera au prochain salon \u00ab Le Forum des Entreprises Innovantes \u00bb organis\u00e9 par le P\u00f4le Emploi de Cannes-Mandelieu qui aura lieu le mercredi 1er mars 2017 au Lyc\u00e9e Hutinel de Cannes La Bocca.<\/span><\/span><\/p>\n","protected":false},"excerpt":{"rendered":"<p>Proelan participera au prochain salon \u00ab Le Forum des Entreprises Innovantes \u00bb organis\u00e9 par le P\u00f4le Emploi de Cannes-Mandelieu qui aura lieu le mercredi 1er mars 2017 au Lyc\u00e9e Hutinel de Cannes La Bocca.<\/p>\n","protected":false},"author":4,"featured_media":1038,"comment_status":"closed","ping_status":"closed","sticky":false,"template":"","format":"standard","meta":{"footnotes":""},"categories":[9],"tags":[],"class_list":["post-1037","post","type-post","status-publish","format-standard","has-post-thumbnail","hentry","category-decisionnel-olympe"],"_links":{"self":[{"href":"https:\/\/www.proelan.com\/index.php\/wp-json\/wp\/v2\/posts\/1037","targetHints":{"allow":["GET"]}}],"collection":[{"href":"https:\/\/www.proelan.com\/index.php\/wp-json\/wp\/v2\/posts"}],"about":[{"href":"https:\/\/www.proelan.com\/index.php\/wp-json\/wp\/v2\/types\/post"}],"author":[{"embeddable":true,"href":"https:\/\/www.proelan.com\/index.php\/wp-json\/wp\/v2\/users\/4"}],"replies":[{"embeddable":true,"href":"https:\/\/www.proelan.com\/index.php\/wp-json\/wp\/v2\/comments?post=1037"}],"version-history":[{"count":0,"href":"https:\/\/www.proelan.com\/index.php\/wp-json\/wp\/v2\/posts\/1037\/revisions"}],"wp:featuredmedia":[{"embeddable":true,"href":"https:\/\/www.proelan.com\/index.php\/wp-json\/wp\/v2\/media\/1038"}],"wp:attachment":[{"href":"https:\/\/www.proelan.com\/index.php\/wp-json\/wp\/v2\/media?parent=1037"}],"wp:term":[{"taxonomy":"category","embeddable":true,"href":"https:\/\/www.proelan.com\/index.php\/wp-json\/wp\/v2\/categories?post=1037"},{"taxonomy":"post_tag","embeddable":true,"href":"https:\/\/www.proelan.com\/index.php\/wp-json\/wp\/v2\/tags?post=1037"}],"curies":[{"name":"wp","href":"https:\/\/api.w.org\/{rel}","templated":true}]}}