{"id":1019,"date":"2020-03-19T09:57:07","date_gmt":"2020-03-19T08:57:07","guid":{"rendered":"https:\/\/v4.proelan.com\/?p=1019"},"modified":"2020-03-19T09:57:07","modified_gmt":"2020-03-19T08:57:07","slug":"participation-de-proelan-au-forum-supinfo","status":"publish","type":"post","link":"https:\/\/www.proelan.com\/index.php\/2020\/03\/19\/participation-de-proelan-au-forum-supinfo\/","title":{"rendered":"Participation de Proelan au forum SupInfo"},"content":{"rendered":"<p><strong>Proelan<\/strong> \u00e9tait pr\u00e9sent lors du job forum organis\u00e9 par <strong>SUPINFO<\/strong> International University au campus de <strong>Nice<\/strong> le 7 d\u00e9cembre 2016.<\/p>\n<p>Merci aux \u00e9tudiants pour leur participation ainsi qu\u2019\u00e0 <strong>Mr. Emmanuel Ouyahia<\/strong> pour son accueil et l\u2019organisation de cette journ\u00e9e.<\/p>\n<p>Les SUPINFO Job Forums de SUPINFO sont une occasion unique de trouver des stagiaires et des futurs collaborateurs de qualit\u00e9. En effet, pendant leurs 5 ann\u00e9es de scolarit\u00e9, tous les \u00e9tudiants de l&#8217;\u00e9cole effectuent non seulement des stages de fin d&#8217;ann\u00e9e (d&#8217;une dur\u00e9e de 2 mois minimum, en \u00e9t\u00e9), mais peuvent aussi effectuer des stages \u00e0 temps partiels (2 jours par semaine) pendant toute l&#8217;ann\u00e9e scolaire \u00e0 tout moment de l&#8217;ann\u00e9e et sans limite de dur\u00e9e. Vous avez \u00e9galement la possibilit\u00e9 d&#8217;embaucher des \u00e9tudiants SUPINFO en contrat d&#8217;apprentissage sur les campus SUPINFO en France m\u00e9tropolitaine participant \u00e0 ce programme. Enfin, les \u00e9tudiants de derni\u00e8re ann\u00e9e terminent leur scolarit\u00e9 par un stage de fin d&#8217;\u00e9tudes d&#8217;une dur\u00e9e de 6 mois (du 1er avril au 30 septembre).<\/p>\n<p>Lors des SUPINFO Job Forums, vous pourrez rencontrer des \u00e9tudiants de 1\u00e8re \u00e0 5\u00e8me ann\u00e9e (attention : les \u00e9tudiants en derni\u00e8re ann\u00e9e seront d\u00e9j\u00e0 en stage lors des derniers SUPINFO Job Forum en mai). M\u00eames jeunes, les \u00e9l\u00e8ves SUPINFO peuvent se r\u00e9v\u00e9ler tr\u00e8s efficaces en entreprise : il est int\u00e9ressant de noter que, d\u00e8s leur 1\u00e8re ann\u00e9e d&#8217;\u00e9tude, nos \u00e9tudiants peuvent passer au moins des certifications parmis celles de Microsoft, Cisco ou Mandriva Linux, \u00e9tudient le C, SQL et la programmation \u00e9v\u00e9nementielle.<\/p>\n","protected":false},"excerpt":{"rendered":"<p>Proelan \u00e9tait pr\u00e9sent lors du job forum organis\u00e9 par SUPINFO International University au campus de Nice le 7 d\u00e9cembre 2016. Merci aux \u00e9tudiants pour leur participation ainsi qu\u2019\u00e0 Mr. Emmanuel Ouyahia pour son accueil et l\u2019organisation de cette journ\u00e9e. Les SUPINFO Job Forums de SUPINFO sont une occasion unique de trouver des stagiaires et des<a href=\"https:\/\/www.proelan.com\/index.php\/2020\/03\/19\/participation-de-proelan-au-forum-supinfo\/\">[&#8230;]<\/a><\/p>\n","protected":false},"author":4,"featured_media":1024,"comment_status":"closed","ping_status":"closed","sticky":false,"template":"","format":"standard","meta":{"footnotes":""},"categories":[9],"tags":[],"class_list":["post-1019","post","type-post","status-publish","format-standard","has-post-thumbnail","hentry","category-decisionnel-olympe"],"_links":{"self":[{"href":"https:\/\/www.proelan.com\/index.php\/wp-json\/wp\/v2\/posts\/1019","targetHints":{"allow":["GET"]}}],"collection":[{"href":"https:\/\/www.proelan.com\/index.php\/wp-json\/wp\/v2\/posts"}],"about":[{"href":"https:\/\/www.proelan.com\/index.php\/wp-json\/wp\/v2\/types\/post"}],"author":[{"embeddable":true,"href":"https:\/\/www.proelan.com\/index.php\/wp-json\/wp\/v2\/users\/4"}],"replies":[{"embeddable":true,"href":"https:\/\/www.proelan.com\/index.php\/wp-json\/wp\/v2\/comments?post=1019"}],"version-history":[{"count":0,"href":"https:\/\/www.proelan.com\/index.php\/wp-json\/wp\/v2\/posts\/1019\/revisions"}],"wp:featuredmedia":[{"embeddable":true,"href":"https:\/\/www.proelan.com\/index.php\/wp-json\/wp\/v2\/media\/1024"}],"wp:attachment":[{"href":"https:\/\/www.proelan.com\/index.php\/wp-json\/wp\/v2\/media?parent=1019"}],"wp:term":[{"taxonomy":"category","embeddable":true,"href":"https:\/\/www.proelan.com\/index.php\/wp-json\/wp\/v2\/categories?post=1019"},{"taxonomy":"post_tag","embeddable":true,"href":"https:\/\/www.proelan.com\/index.php\/wp-json\/wp\/v2\/tags?post=1019"}],"curies":[{"name":"wp","href":"https:\/\/api.w.org\/{rel}","templated":true}]}}